{"id":4573,"date":"2023-09-27T13:43:47","date_gmt":"2023-09-27T11:43:47","guid":{"rendered":"https:\/\/agora.xtec.cat\/instarragona\/?p=4573"},"modified":"2023-09-27T13:43:47","modified_gmt":"2023-09-27T11:43:47","slug":"descobrim-la-tarraco","status":"publish","type":"post","link":"https:\/\/agora.xtec.cat\/instarragona\/portada\/descobrim-la-tarraco\/","title":{"rendered":"Descobrim la Tarraco"},"content":{"rendered":"<p>Dins del marc de <strong><a href=\"https:\/\/tarragona.nitdelarecerca.cat\/ca\/\" target=\"_blank\" rel=\"noopener\">La Nit Europea de la Recerca<\/a><\/strong>, esdeveniment dedicat a la divulgaci\u00f3 de la ci\u00e8ncia que t\u00e9 lloc en\u00a0<strong>300 ciutats de 30 pa\u00efsos<\/strong>\u00a0d&#8217;Europa,\u00a0 la URV acosta els experts als centres. Per aix\u00f2, els alumnes de Religi\u00f3 hem tingut l&#8217;oportunitat d&#8217;escoltar una de les xerrades d&#8217;un investigador de l&#8217;ICAC, l&#8217;Andreu Mu\u00f1oz<i>\u00a0<\/i>que ens ha parlat de\u00a0<strong><span style=\"color: #008000;\"><i>La T\u00e0rraco dels primers cristians: una proposta per (re)descobrir els principals monuments de la ciutat.<\/i><\/span><\/strong><\/p>\n<p>Gr\u00e0cies!<\/p>\n<p><img loading=\"lazy\" decoding=\"async\" class=\"aligncenter  wp-image-4574\" src=\"https:\/\/agora.xtec.cat\/instarragona\/wp-content\/uploads\/usu484\/2023\/09\/20230926_102021-2-scaled.jpg\" alt=\"\" width=\"730\" height=\"547\" srcset=\"https:\/\/agora.xtec.cat\/instarragona\/wp-content\/uploads\/usu484\/2023\/09\/20230926_102021-2-scaled.jpg 2560w, https:\/\/agora.xtec.cat\/instarragona\/wp-content\/uploads\/usu484\/2023\/09\/20230926_102021-2-300x225.jpg 300w, https:\/\/agora.xtec.cat\/instarragona\/wp-content\/uploads\/usu484\/2023\/09\/20230926_102021-2-1024x768.jpg 1024w, https:\/\/agora.xtec.cat\/instarragona\/wp-content\/uploads\/usu484\/2023\/09\/20230926_102021-2-768x576.jpg 768w, https:\/\/agora.xtec.cat\/instarragona\/wp-content\/uploads\/usu484\/2023\/09\/20230926_102021-2-1536x1152.jpg 1536w, https:\/\/agora.xtec.cat\/instarragona\/wp-content\/uploads\/usu484\/2023\/09\/20230926_102021-2-2048x1536.jpg 2048w, https:\/\/agora.xtec.cat\/instarragona\/wp-content\/uploads\/usu484\/2023\/09\/20230926_102021-2-200x150.jpg 200w\" sizes=\"auto, (max-width: 730px) 100vw, 730px\" \/><\/p>\n","protected":false},"excerpt":{"rendered":"<p>Dins del marc de <a href=\"https:\/\/tarragona.nitdelarecerca.cat\/ca\/\" target=\"_blank\" rel=\"noopener\">La Nit Europea de la Recerca<\/a>, esdeveniment dedicat a la divulgaci\u00f3 de la ci\u00e8ncia que t\u00e9 lloc en\u00a0300 ciutats de 30 pa\u00efsos\u00a0d&#8217;Europa,\u00a0 la URV acosta els experts als centres. Per aix\u00f2, els alumnes de Religi\u00f3 hem tingut l&#8217;oportunitat&hellip;  <a href=\"https:\/\/agora.xtec.cat\/instarragona\/portada\/descobrim-la-tarraco\/\" title=\"Read Descobrim la Tarraco\">Llegeix m\u00e9s\u00bb<\/a><\/p>\n","protected":false},"author":1,"featured_media":0,"comment_status":"open","ping_status":"closed","sticky":false,"template":"","format":"standard","meta":{"_bbp_topic_count":0,"_bbp_reply_count":0,"_bbp_total_topic_count":0,"_bbp_total_reply_count":0,"_bbp_voice_count":0,"_bbp_anonymous_reply_count":0,"_bbp_topic_count_hidden":0,"_bbp_reply_count_hidden":0,"_bbp_forum_subforum_count":0,"footnotes":""},"categories":[29],"tags":[127,44],"class_list":["post-4573","post","type-post","status-publish","format-standard","hentry","category-portada","tag-religio","tag-xerrades"],"post_mailing_queue_ids":[],"_links":{"self":[{"href":"https:\/\/agora.xtec.cat\/instarragona\/wp-json\/wp\/v2\/posts\/4573","targetHints":{"allow":["GET"]}}],"collection":[{"href":"https:\/\/agora.xtec.cat\/instarragona\/wp-json\/wp\/v2\/posts"}],"about":[{"href":"https:\/\/agora.xtec.cat\/instarragona\/wp-json\/wp\/v2\/types\/post"}],"author":[{"embeddable":true,"href":"https:\/\/agora.xtec.cat\/instarragona\/wp-json\/wp\/v2\/users\/1"}],"replies":[{"embeddable":true,"href":"https:\/\/agora.xtec.cat\/instarragona\/wp-json\/wp\/v2\/comments?post=4573"}],"version-history":[{"count":1,"href":"https:\/\/agora.xtec.cat\/instarragona\/wp-json\/wp\/v2\/posts\/4573\/revisions"}],"predecessor-version":[{"id":4575,"href":"https:\/\/agora.xtec.cat\/instarragona\/wp-json\/wp\/v2\/posts\/4573\/revisions\/4575"}],"wp:attachment":[{"href":"https:\/\/agora.xtec.cat\/instarragona\/wp-json\/wp\/v2\/media?parent=4573"}],"wp:term":[{"taxonomy":"category","embeddable":true,"href":"https:\/\/agora.xtec.cat\/instarragona\/wp-json\/wp\/v2\/categories?post=4573"},{"taxonomy":"post_tag","embeddable":true,"href":"https:\/\/agora.xtec.cat\/instarragona\/wp-json\/wp\/v2\/tags?post=4573"}],"curies":[{"name":"wp","href":"https:\/\/api.w.org\/{rel}","templated":true}]}}