{"id":4509,"date":"2023-07-12T19:55:55","date_gmt":"2023-07-12T17:55:55","guid":{"rendered":"https:\/\/agora.xtec.cat\/instarragona\/?p=4509"},"modified":"2023-07-12T20:01:24","modified_gmt":"2023-07-12T18:01:24","slug":"claustre-2022-2023","status":"publish","type":"post","link":"https:\/\/agora.xtec.cat\/instarragona\/portada\/claustre-2022-2023\/","title":{"rendered":"Claustre 2022 &#8211; 2023"},"content":{"rendered":"<p>El professorat de l&#8217;institut tamb\u00e9 ha acabat el curs i com cada any toca dir ad\u00e9u a alguns companys. Sempre hi ha canvis, ja ho sabem, ara b\u00e9, aquest curs voldr\u00edem despedir-nos molt especialment de l&#8217;Empar, de la Carme i de l&#8217;Andreu. Es jubilen! Molta sort en aquesta nova etapa i&#8230; veniu-nos a veure! \ud83d\ude1c<\/p>\n<p><img loading=\"lazy\" decoding=\"async\" class=\"aligncenter  wp-image-4514\" src=\"https:\/\/agora.xtec.cat\/instarragona\/wp-content\/uploads\/usu484\/2023\/07\/Captura-1.png\" alt=\"\" width=\"295\" height=\"337\" srcset=\"https:\/\/agora.xtec.cat\/instarragona\/wp-content\/uploads\/usu484\/2023\/07\/Captura-1.png 577w, https:\/\/agora.xtec.cat\/instarragona\/wp-content\/uploads\/usu484\/2023\/07\/Captura-1-262x300.png 262w\" sizes=\"auto, (max-width: 295px) 100vw, 295px\" \/><\/p>\n<p>Foto final de curs del claustre:<\/p>\n<p><img loading=\"lazy\" decoding=\"async\" class=\"aligncenter size-full wp-image-4510\" src=\"https:\/\/agora.xtec.cat\/instarragona\/wp-content\/uploads\/usu484\/2023\/07\/Captura.png\" alt=\"\" width=\"955\" height=\"468\" srcset=\"https:\/\/agora.xtec.cat\/instarragona\/wp-content\/uploads\/usu484\/2023\/07\/Captura.png 955w, https:\/\/agora.xtec.cat\/instarragona\/wp-content\/uploads\/usu484\/2023\/07\/Captura-300x147.png 300w, https:\/\/agora.xtec.cat\/instarragona\/wp-content\/uploads\/usu484\/2023\/07\/Captura-768x376.png 768w\" sizes=\"auto, (max-width: 955px) 100vw, 955px\" \/><\/p>\n<p style=\"text-align: center;\"><span style=\"color: #008000;\"><strong>BONES I MERESCUDES VACANCES A TOTS!<\/strong><\/span><\/p>\n<p>&nbsp;<\/p>\n","protected":false},"excerpt":{"rendered":"<p>El professorat de l&#8217;institut tamb\u00e9 ha acabat el curs i com cada any toca dir ad\u00e9u a alguns companys. Sempre hi ha canvis, ja ho sabem, ara b\u00e9, aquest curs voldr\u00edem despedir-nos molt especialment de l&#8217;Empar, de la Carme i de l&#8217;Andreu. Es jubilen! Molta&hellip;  <a href=\"https:\/\/agora.xtec.cat\/instarragona\/portada\/claustre-2022-2023\/\" title=\"Read Claustre 2022 &#8211; 2023\">Llegeix m\u00e9s\u00bb<\/a><\/p>\n","protected":false},"author":1,"featured_media":4510,"comment_status":"open","ping_status":"closed","sticky":false,"template":"","format":"standard","meta":{"_bbp_topic_count":0,"_bbp_reply_count":0,"_bbp_total_topic_count":0,"_bbp_total_reply_count":0,"_bbp_voice_count":0,"_bbp_anonymous_reply_count":0,"_bbp_topic_count_hidden":0,"_bbp_reply_count_hidden":0,"_bbp_forum_subforum_count":0,"footnotes":""},"categories":[29],"tags":[],"class_list":["post-4509","post","type-post","status-publish","format-standard","has-post-thumbnail","hentry","category-portada"],"post_mailing_queue_ids":[],"_links":{"self":[{"href":"https:\/\/agora.xtec.cat\/instarragona\/wp-json\/wp\/v2\/posts\/4509","targetHints":{"allow":["GET"]}}],"collection":[{"href":"https:\/\/agora.xtec.cat\/instarragona\/wp-json\/wp\/v2\/posts"}],"about":[{"href":"https:\/\/agora.xtec.cat\/instarragona\/wp-json\/wp\/v2\/types\/post"}],"author":[{"embeddable":true,"href":"https:\/\/agora.xtec.cat\/instarragona\/wp-json\/wp\/v2\/users\/1"}],"replies":[{"embeddable":true,"href":"https:\/\/agora.xtec.cat\/instarragona\/wp-json\/wp\/v2\/comments?post=4509"}],"version-history":[{"count":3,"href":"https:\/\/agora.xtec.cat\/instarragona\/wp-json\/wp\/v2\/posts\/4509\/revisions"}],"predecessor-version":[{"id":4515,"href":"https:\/\/agora.xtec.cat\/instarragona\/wp-json\/wp\/v2\/posts\/4509\/revisions\/4515"}],"wp:featuredmedia":[{"embeddable":true,"href":"https:\/\/agora.xtec.cat\/instarragona\/wp-json\/wp\/v2\/media\/4510"}],"wp:attachment":[{"href":"https:\/\/agora.xtec.cat\/instarragona\/wp-json\/wp\/v2\/media?parent=4509"}],"wp:term":[{"taxonomy":"category","embeddable":true,"href":"https:\/\/agora.xtec.cat\/instarragona\/wp-json\/wp\/v2\/categories?post=4509"},{"taxonomy":"post_tag","embeddable":true,"href":"https:\/\/agora.xtec.cat\/instarragona\/wp-json\/wp\/v2\/tags?post=4509"}],"curies":[{"name":"wp","href":"https:\/\/api.w.org\/{rel}","templated":true}]}}