{"id":4461,"date":"2023-06-21T10:39:11","date_gmt":"2023-06-21T08:39:11","guid":{"rendered":"https:\/\/agora.xtec.cat\/instarragona\/?p=4461"},"modified":"2023-06-21T10:41:19","modified_gmt":"2023-06-21T08:41:19","slug":"gracies-a-cse","status":"publish","type":"post","link":"https:\/\/agora.xtec.cat\/instarragona\/eso\/eso-3\/gracies-a-cse\/","title":{"rendered":"Gr\u00e0cies a CSE"},"content":{"rendered":"<p dir=\"ltr\">Els alumnes que van assistir a<a href=\"https:\/\/agora.xtec.cat\/instarragona\/eso\/com-sona-leso\/\" target=\"_blank\" rel=\"noopener\"><strong> Com sona l&#8217;ESO<\/strong><\/a> ens han fet arribar un escrit valorant la seva experi\u00e8ncia.<\/p>\n<p dir=\"ltr\" style=\"text-align: center;\"><span style=\"color: #008000;\"><strong><i>&#8220;Com Sona l\u2019ESO ha sigut una experi\u00e8ncia molt especial, inoblidable, divertida, \u00fanica i emotiva.\u00a0<\/i><\/strong><\/span><span style=\"color: #008000;\"><strong><i>Ha sigut un per\u00edode de maduraci\u00f3 en el qual hem treballat la nostra independ\u00e8ncia, convivint amb iguals; hem apr\u00e8s el valor de l\u2019esfor\u00e7 i a trobar un bon resultat despr\u00e9s d\u2019un dur treball; per\u00f2 sobretot, hem crescut com a persones. Hem trobat persones afins a nosaltres, amb els mateixos gustos i aficions, trobant amistats on mai hav\u00edem explorat.\u00a0<\/i><\/strong><\/span><span style=\"color: #008000;\"><strong><i>Sense dubtes tornaria a repetir aquesta experi\u00e8ncia tan gratificant un altre cop i animaria a la gent a unir-se a viure l\u2019emoci\u00f3 d\u2019anar al Com Sona l\u2019ESO. Definitivament, la m\u00fasica, en especial el CSE, uneix a les persones amb una il\u00b7lusi\u00f3 comuna.&#8221;<\/i><\/strong><\/span><\/p>\n<p dir=\"ltr\">Aqu\u00ed tenim el v\u00eddeo recopilatori de l&#8217;estada.<\/p>\n<p><iframe loading=\"lazy\" title=\"YouTube video player\" src=\"https:\/\/www.youtube.com\/embed\/3LUPzNtyqQ8\" width=\"560\" height=\"315\" frameborder=\"0\" allowfullscreen=\"allowfullscreen\"><\/iframe><\/p>\n","protected":false},"excerpt":{"rendered":"<p>Els alumnes que van assistir a<a href=\"https:\/\/agora.xtec.cat\/instarragona\/eso\/com-sona-leso\/\" target=\"_blank\" rel=\"noopener\"> Com sona l&#8217;ESO<\/a> ens han fet arribar un escrit valorant la seva experi\u00e8ncia.<br \/>\n&#8220;Com Sona l\u2019ESO ha sigut una experi\u00e8ncia molt especial, inoblidable, divertida, \u00fanica i emotiva.\u00a0Ha sigut un per\u00edode de maduraci\u00f3 en el qual hem treballat&hellip;  <a href=\"https:\/\/agora.xtec.cat\/instarragona\/eso\/eso-3\/gracies-a-cse\/\" title=\"Read Gr\u00e0cies a CSE\">Llegeix m\u00e9s\u00bb<\/a><\/p>\n","protected":false},"author":1,"featured_media":4462,"comment_status":"open","ping_status":"closed","sticky":false,"template":"","format":"standard","meta":{"_bbp_topic_count":0,"_bbp_reply_count":0,"_bbp_total_topic_count":0,"_bbp_total_reply_count":0,"_bbp_voice_count":0,"_bbp_anonymous_reply_count":0,"_bbp_topic_count_hidden":0,"_bbp_reply_count_hidden":0,"_bbp_forum_subforum_count":0,"footnotes":""},"categories":[6,29],"tags":[111],"class_list":["post-4461","post","type-post","status-publish","format-standard","has-post-thumbnail","hentry","category-eso-3","category-portada","tag-musica"],"post_mailing_queue_ids":[],"_links":{"self":[{"href":"https:\/\/agora.xtec.cat\/instarragona\/wp-json\/wp\/v2\/posts\/4461","targetHints":{"allow":["GET"]}}],"collection":[{"href":"https:\/\/agora.xtec.cat\/instarragona\/wp-json\/wp\/v2\/posts"}],"about":[{"href":"https:\/\/agora.xtec.cat\/instarragona\/wp-json\/wp\/v2\/types\/post"}],"author":[{"embeddable":true,"href":"https:\/\/agora.xtec.cat\/instarragona\/wp-json\/wp\/v2\/users\/1"}],"replies":[{"embeddable":true,"href":"https:\/\/agora.xtec.cat\/instarragona\/wp-json\/wp\/v2\/comments?post=4461"}],"version-history":[{"count":2,"href":"https:\/\/agora.xtec.cat\/instarragona\/wp-json\/wp\/v2\/posts\/4461\/revisions"}],"predecessor-version":[{"id":4464,"href":"https:\/\/agora.xtec.cat\/instarragona\/wp-json\/wp\/v2\/posts\/4461\/revisions\/4464"}],"wp:featuredmedia":[{"embeddable":true,"href":"https:\/\/agora.xtec.cat\/instarragona\/wp-json\/wp\/v2\/media\/4462"}],"wp:attachment":[{"href":"https:\/\/agora.xtec.cat\/instarragona\/wp-json\/wp\/v2\/media?parent=4461"}],"wp:term":[{"taxonomy":"category","embeddable":true,"href":"https:\/\/agora.xtec.cat\/instarragona\/wp-json\/wp\/v2\/categories?post=4461"},{"taxonomy":"post_tag","embeddable":true,"href":"https:\/\/agora.xtec.cat\/instarragona\/wp-json\/wp\/v2\/tags?post=4461"}],"curies":[{"name":"wp","href":"https:\/\/api.w.org\/{rel}","templated":true}]}}