{"id":4452,"date":"2023-06-19T12:57:35","date_gmt":"2023-06-19T10:57:35","guid":{"rendered":"https:\/\/agora.xtec.cat\/instarragona\/?p=4452"},"modified":"2023-06-19T12:58:07","modified_gmt":"2023-06-19T10:58:07","slug":"korean-culture-box","status":"publish","type":"post","link":"https:\/\/agora.xtec.cat\/instarragona\/eso\/eso-1\/korean-culture-box\/","title":{"rendered":"Korean Culture Box"},"content":{"rendered":"<p>We&#8217;re excited to share that the Korean Culture Box has arrived at our school!<br \/>\nInside the box, each student received a special postcard, personalized just for them. The beautifully designed postcards have connected us to Korea&#8217;s vibrant culture. It also included delicious Korean sweets, we enjoyed the delightful experience. We also found traditional masks for painting, we watched some videos where we could see how they use these masks for traditional dance dramas or performances.<br \/>\nWe want to express our heartfelt appreciation to the students and teacher sending the Box, it has reminded us of the incredible cultural diversity. We eagerly look forward that they receive our Box and they will tell us if they enjoy it.<br \/>\nThank you for these wonderful gifts, and until we meet again, we wish you all the best!!<\/p>\n<div>\n<p>If you want to learn more about our Global Scholars\u00a0course, please visit our webpage:\u00a0<a href=\"https:\/\/sites.google.com\/instarragona.cat\/global-scholars22-23\/home\" target=\"_blank\" rel=\"noopener\" data-saferedirecturl=\"https:\/\/www.google.com\/url?q=https:\/\/sites.google.com\/instarragona.cat\/global-scholars22-23\/home&amp;source=gmail&amp;ust=1687257074076000&amp;usg=AOvVaw0Q6QRL8AGBIZnK8iFf3R_2\">https:\/\/sites.google.<wbr \/>com\/instarragona.cat\/global-<wbr \/>scholars22-23\/home<\/a><\/p>\n<p>&#8212;&#8211;<\/p>\n<p>Ens fa molta il\u00b7lusi\u00f3 compartir que la &#8220;Culture Box&#8221; (Caixa de Cultura) Coreana ha arribat al nostre institut!<br \/>\nDins la caixa, cada alumne ha rebut una postal personalitzada, que ens ha connectat amb la vibrant cultura de Corea. Tamb\u00e9 ens han enviat dol\u00e7os coreans, hem gaudit d&#8217;una experi\u00e8ncia deliciosa. A m\u00e9s a m\u00e9s, hem rebut unes m\u00e0scares tradicionals per pintar, hem vist alguns v\u00eddeos on hem pogut veure com utilitzen aquestes m\u00e0scares per a drames o representacions de dansa tradicional.<br \/>\nVolem expressar el nostre sincer agra\u00efment als alumnes i professors que envien la Caixa, que ens ha recordat la incre\u00efble diversitat cultural de la que formem part. Tenim moltes ganes que rebin la nostra caixa i ens diguin qu\u00e8 els ha semblat.<br \/>\nGr\u00e0cies per aquests regals, i fins que ens tornem a trobar, us desitgem tot el millor!!<\/p>\n<p>Si voleu veure qu\u00e8 hem fet a Global Scholars aquest curs, visiteu la nostra p\u00e0gina web:\u00a0<a href=\"https:\/\/sites.google.com\/instarragona.cat\/global-scholars22-23\/home\" target=\"_blank\" rel=\"noopener\" data-saferedirecturl=\"https:\/\/www.google.com\/url?q=https:\/\/sites.google.com\/instarragona.cat\/global-scholars22-23\/home&amp;source=gmail&amp;ust=1687257074076000&amp;usg=AOvVaw0Q6QRL8AGBIZnK8iFf3R_2\">https:\/\/sites.google.com\/<wbr \/>instarragona.cat\/global-<wbr \/>scholars22-23\/home<\/a><\/p>\n<\/div>\n<p>&nbsp;<\/p>\n<p><img loading=\"lazy\" decoding=\"async\" class=\"aligncenter size-full wp-image-4455\" src=\"https:\/\/agora.xtec.cat\/instarragona\/wp-content\/uploads\/usu484\/2023\/06\/2.png\" alt=\"\" width=\"549\" height=\"768\" srcset=\"https:\/\/agora.xtec.cat\/instarragona\/wp-content\/uploads\/usu484\/2023\/06\/2.png 549w, https:\/\/agora.xtec.cat\/instarragona\/wp-content\/uploads\/usu484\/2023\/06\/2-214x300.png 214w\" sizes=\"auto, (max-width: 549px) 100vw, 549px\" \/><\/p>\n<p>&nbsp;<\/p>\n<p><img loading=\"lazy\" decoding=\"async\" class=\"aligncenter size-full wp-image-4456\" src=\"https:\/\/agora.xtec.cat\/instarragona\/wp-content\/uploads\/usu484\/2023\/06\/1-1.png\" alt=\"\" width=\"1028\" height=\"695\" srcset=\"https:\/\/agora.xtec.cat\/instarragona\/wp-content\/uploads\/usu484\/2023\/06\/1-1.png 1028w, https:\/\/agora.xtec.cat\/instarragona\/wp-content\/uploads\/usu484\/2023\/06\/1-1-300x203.png 300w, https:\/\/agora.xtec.cat\/instarragona\/wp-content\/uploads\/usu484\/2023\/06\/1-1-1024x692.png 1024w, https:\/\/agora.xtec.cat\/instarragona\/wp-content\/uploads\/usu484\/2023\/06\/1-1-768x519.png 768w\" sizes=\"auto, (max-width: 1028px) 100vw, 1028px\" \/><\/p>\n<p>&nbsp;<\/p>\n<p><img loading=\"lazy\" decoding=\"async\" class=\"aligncenter size-full wp-image-3685\" src=\"https:\/\/agora.xtec.cat\/instarragona\/wp-content\/uploads\/usu484\/2022\/12\/glo.png\" alt=\"\" width=\"266\" height=\"189\" \/><\/p>\n","protected":false},"excerpt":{"rendered":"<p>We&#8217;re excited to share that the Korean Culture Box has arrived at our school!<br \/>\nInside the box, each student received a special postcard, personalized just for them. The beautifully designed postcards have connected us to Korea&#8217;s vibrant culture. It also included delicious Korean sweets, we enjoyed&hellip;  <a href=\"https:\/\/agora.xtec.cat\/instarragona\/eso\/eso-1\/korean-culture-box\/\" title=\"Read Korean Culture Box\">Llegeix m\u00e9s\u00bb<\/a><\/p>\n","protected":false},"author":1,"featured_media":4453,"comment_status":"open","ping_status":"closed","sticky":false,"template":"","format":"standard","meta":{"_bbp_topic_count":0,"_bbp_reply_count":0,"_bbp_total_topic_count":0,"_bbp_total_reply_count":0,"_bbp_voice_count":0,"_bbp_anonymous_reply_count":0,"_bbp_topic_count_hidden":0,"_bbp_reply_count_hidden":0,"_bbp_forum_subforum_count":0,"footnotes":""},"categories":[4,5,29,100],"tags":[141],"class_list":["post-4452","post","type-post","status-publish","format-standard","has-post-thumbnail","hentry","category-eso-1","category-eso-2","category-portada","category-projectes","tag-global-scholars"],"post_mailing_queue_ids":[],"_links":{"self":[{"href":"https:\/\/agora.xtec.cat\/instarragona\/wp-json\/wp\/v2\/posts\/4452","targetHints":{"allow":["GET"]}}],"collection":[{"href":"https:\/\/agora.xtec.cat\/instarragona\/wp-json\/wp\/v2\/posts"}],"about":[{"href":"https:\/\/agora.xtec.cat\/instarragona\/wp-json\/wp\/v2\/types\/post"}],"author":[{"embeddable":true,"href":"https:\/\/agora.xtec.cat\/instarragona\/wp-json\/wp\/v2\/users\/1"}],"replies":[{"embeddable":true,"href":"https:\/\/agora.xtec.cat\/instarragona\/wp-json\/wp\/v2\/comments?post=4452"}],"version-history":[{"count":1,"href":"https:\/\/agora.xtec.cat\/instarragona\/wp-json\/wp\/v2\/posts\/4452\/revisions"}],"predecessor-version":[{"id":4457,"href":"https:\/\/agora.xtec.cat\/instarragona\/wp-json\/wp\/v2\/posts\/4452\/revisions\/4457"}],"wp:featuredmedia":[{"embeddable":true,"href":"https:\/\/agora.xtec.cat\/instarragona\/wp-json\/wp\/v2\/media\/4453"}],"wp:attachment":[{"href":"https:\/\/agora.xtec.cat\/instarragona\/wp-json\/wp\/v2\/media?parent=4452"}],"wp:term":[{"taxonomy":"category","embeddable":true,"href":"https:\/\/agora.xtec.cat\/instarragona\/wp-json\/wp\/v2\/categories?post=4452"},{"taxonomy":"post_tag","embeddable":true,"href":"https:\/\/agora.xtec.cat\/instarragona\/wp-json\/wp\/v2\/tags?post=4452"}],"curies":[{"name":"wp","href":"https:\/\/api.w.org\/{rel}","templated":true}]}}