{"id":4441,"date":"2023-06-19T12:36:56","date_gmt":"2023-06-19T10:36:56","guid":{"rendered":"https:\/\/agora.xtec.cat\/instarragona\/?p=4441"},"modified":"2023-06-19T12:36:56","modified_gmt":"2023-06-19T10:36:56","slug":"cants-i-clams-per-salvar-el-planeta","status":"publish","type":"post","link":"https:\/\/agora.xtec.cat\/instarragona\/eso\/eso-1\/cants-i-clams-per-salvar-el-planeta\/","title":{"rendered":"Cants i clams per salvar el planeta"},"content":{"rendered":"<h3><span style=\"color: #339966;\">LA VEU DE LA TERRA<\/span><\/h3>\n<p>El passat diumenge 21 de maig, el nostre alumnat de la mat\u00e8ria de M\u00fasica de\u00a01r d&#8217;ESO van participar en la cantata col\u00b7laborativa &#8220;<a href=\"https:\/\/laveudelaterra.cat\/\" target=\"_blank\" rel=\"noopener\"><strong>La Veu de la Terra<\/strong><\/a>&#8221; al\u00a0<strong><a href=\"https:\/\/www.teatrefortuny.cat\/la-veu-de-la-terra-2\" target=\"_blank\" rel=\"noopener\" data-saferedirecturl=\"https:\/\/www.google.com\/url?q=https:\/\/www.teatrefortuny.cat\/la-veu-de-la-terra-2&amp;source=gmail&amp;ust=1687257074073000&amp;usg=AOvVaw2Z6z7WelMuxCENrfpoosY5\">teatre Fortuny<\/a><\/strong> de Reus. Aquesta cantata va ser produ\u00efda pel grup Petaca (lletra, m\u00fasica i veu), t\u00e9 el suport del Departament d&#8217;Educaci\u00f3 de la Generalitat de Catalunya i s&#8217;interpreta arreu de Catalunya, amb diferents escoles i instituts com a protagonistes. \u00c9s el segon any que es fa aquesta actuaci\u00f3 que uneix Prim\u00e0ria i Secund\u00e0ria del Tarragon\u00e8s i del Baix Camp i us podem assegurar que va ser un espectacle emotiu i memorable. La cantata d&#8217;aquest curs, amb la qual la professora Anabel Garrido porta treballant durant fa molts mesos, estava dedicada al canvi clim\u00e0tic i tenia aquesta consigna: &#8220;Nou cants i vuit clams per salvar el nostre planeta&#8221;. Per molts anys i moltes cantates col\u00b7laboratives m\u00e9s!<\/p>\n<p><iframe loading=\"lazy\" title=\"YouTube video player\" src=\"https:\/\/www.youtube.com\/embed\/26tCeJ1oiE0\" width=\"560\" height=\"315\" frameborder=\"0\" allowfullscreen=\"allowfullscreen\"><\/iframe><\/p>\n","protected":false},"excerpt":{"rendered":"<p>LA VEU DE LA TERRA<br \/>\nEl passat diumenge 21 de maig, el nostre alumnat de la mat\u00e8ria de M\u00fasica de\u00a01r d&#8217;ESO van participar en la cantata col\u00b7laborativa &#8220;<a href=\"https:\/\/laveudelaterra.cat\/\" target=\"_blank\" rel=\"noopener\">La Veu de la Terra<\/a>&#8221; al\u00a0<a href=\"https:\/\/www.teatrefortuny.cat\/la-veu-de-la-terra-2\" target=\"_blank\" rel=\"noopener\" data-saferedirecturl=\"https:\/\/www.google.com\/url?q=https:\/\/www.teatrefortuny.cat\/la-veu-de-la-terra-2&amp;source=gmail&amp;ust=1687257074073000&amp;usg=AOvVaw2Z6z7WelMuxCENrfpoosY5\">teatre Fortuny<\/a> de Reus. Aquesta cantata va&hellip;  <a href=\"https:\/\/agora.xtec.cat\/instarragona\/eso\/eso-1\/cants-i-clams-per-salvar-el-planeta\/\" title=\"Read Cants i clams per salvar el planeta\">Llegeix m\u00e9s\u00bb<\/a><\/p>\n","protected":false},"author":1,"featured_media":4442,"comment_status":"open","ping_status":"closed","sticky":false,"template":"","format":"standard","meta":{"_bbp_topic_count":0,"_bbp_reply_count":0,"_bbp_total_topic_count":0,"_bbp_total_reply_count":0,"_bbp_voice_count":0,"_bbp_anonymous_reply_count":0,"_bbp_topic_count_hidden":0,"_bbp_reply_count_hidden":0,"_bbp_forum_subforum_count":0,"footnotes":""},"categories":[4,29],"tags":[111,39],"class_list":["post-4441","post","type-post","status-publish","format-standard","has-post-thumbnail","hentry","category-eso-1","category-portada","tag-musica","tag-sortides"],"post_mailing_queue_ids":[],"_links":{"self":[{"href":"https:\/\/agora.xtec.cat\/instarragona\/wp-json\/wp\/v2\/posts\/4441","targetHints":{"allow":["GET"]}}],"collection":[{"href":"https:\/\/agora.xtec.cat\/instarragona\/wp-json\/wp\/v2\/posts"}],"about":[{"href":"https:\/\/agora.xtec.cat\/instarragona\/wp-json\/wp\/v2\/types\/post"}],"author":[{"embeddable":true,"href":"https:\/\/agora.xtec.cat\/instarragona\/wp-json\/wp\/v2\/users\/1"}],"replies":[{"embeddable":true,"href":"https:\/\/agora.xtec.cat\/instarragona\/wp-json\/wp\/v2\/comments?post=4441"}],"version-history":[{"count":1,"href":"https:\/\/agora.xtec.cat\/instarragona\/wp-json\/wp\/v2\/posts\/4441\/revisions"}],"predecessor-version":[{"id":4443,"href":"https:\/\/agora.xtec.cat\/instarragona\/wp-json\/wp\/v2\/posts\/4441\/revisions\/4443"}],"wp:featuredmedia":[{"embeddable":true,"href":"https:\/\/agora.xtec.cat\/instarragona\/wp-json\/wp\/v2\/media\/4442"}],"wp:attachment":[{"href":"https:\/\/agora.xtec.cat\/instarragona\/wp-json\/wp\/v2\/media?parent=4441"}],"wp:term":[{"taxonomy":"category","embeddable":true,"href":"https:\/\/agora.xtec.cat\/instarragona\/wp-json\/wp\/v2\/categories?post=4441"},{"taxonomy":"post_tag","embeddable":true,"href":"https:\/\/agora.xtec.cat\/instarragona\/wp-json\/wp\/v2\/tags?post=4441"}],"curies":[{"name":"wp","href":"https:\/\/api.w.org\/{rel}","templated":true}]}}