{"id":4399,"date":"2023-06-13T13:18:40","date_gmt":"2023-06-13T11:18:40","guid":{"rendered":"https:\/\/agora.xtec.cat\/instarragona\/?p=4399"},"modified":"2023-06-13T13:19:17","modified_gmt":"2023-06-13T11:19:17","slug":"mira-parla-actua","status":"publish","type":"post","link":"https:\/\/agora.xtec.cat\/instarragona\/eso\/eso-3\/mira-parla-actua\/","title":{"rendered":"Mira, parla, actua!"},"content":{"rendered":"<p>Els alumnes de 3r d\u2019ESO de l\u2019Institut Tarragona, juntament amb una quinzena de centres educatius de la ciutat, han presentat les seves propostes per projectar una <span style=\"color: #008000;\"><strong>Tarragona m\u00e9s sostenible<\/strong><\/span>. L\u2019acte va tenir lloc divendres 2 de juny, al Centre Cultural Antic Ajuntament, en el marc de l\u2019acte de cloenda del grup de treball \u2018Lectura i entorn\u2019, emmarcat en el Pla Educatiu d\u2019Entorn.<\/p>\n<p>Els alumnes que van representar l\u2019Institut Tarragona i van explicar les propostes que formen part de l\u2019exposici\u00f3 s\u00f3n: Carla Tules, Hugo Moreno, Txell Bag\u00e9s i Raquel Aguilar.\u00a0El tema escollit d\u2019aquest curs escolar s\u2019ha basat en un dels Objectius de Desenvolupament Sostenible , el qual vol aconseguir que les ciutats i els assentaments humans siguin inclusius, segurs, resilients i sostenibles. La presentaci\u00f3 dels projectes ha anat a c\u00e0rrec de l\u2019alumnat representant d\u2019una quinzena de centres educatius de la ciutat.<\/p>\n<p>L\u2019acte ha finalitzat amb la inauguraci\u00f3 de l\u2019exposici\u00f3 Mira, parla, actua: per una Tarragona sostenible, una mostra que recull el resultat final del treball fet al llarg d\u2019aquest curs i que es podr\u00e0 veure al Centre Cultural Antic Ajuntament fins al pr\u00f2xim 14 de juny.<\/p>\n<p>L\u2019exposici\u00f3 forma part enguany del cicle \u2018<strong><span style=\"color: #008000;\">Cultura i extinci\u00f3<\/span><\/strong>\u2019.<\/p>\n<p><span style=\"color: #333399;\"><strong>Felicitats a tots els alumnes!<\/strong><\/span><\/p>\n<p><img loading=\"lazy\" decoding=\"async\" class=\"aligncenter size-full wp-image-4401\" src=\"https:\/\/agora.xtec.cat\/instarragona\/wp-content\/uploads\/usu484\/2023\/06\/3-1.jpg\" alt=\"\" width=\"558\" height=\"745\" srcset=\"https:\/\/agora.xtec.cat\/instarragona\/wp-content\/uploads\/usu484\/2023\/06\/3-1.jpg 558w, https:\/\/agora.xtec.cat\/instarragona\/wp-content\/uploads\/usu484\/2023\/06\/3-1-225x300.jpg 225w\" sizes=\"auto, (max-width: 558px) 100vw, 558px\" \/><\/p>\n<p>&nbsp;<\/p>\n<p><img loading=\"lazy\" decoding=\"async\" class=\"aligncenter size-full wp-image-4402\" src=\"https:\/\/agora.xtec.cat\/instarragona\/wp-content\/uploads\/usu484\/2023\/06\/2-1.jpg\" alt=\"\" width=\"1015\" height=\"354\" srcset=\"https:\/\/agora.xtec.cat\/instarragona\/wp-content\/uploads\/usu484\/2023\/06\/2-1.jpg 1015w, https:\/\/agora.xtec.cat\/instarragona\/wp-content\/uploads\/usu484\/2023\/06\/2-1-300x105.jpg 300w, https:\/\/agora.xtec.cat\/instarragona\/wp-content\/uploads\/usu484\/2023\/06\/2-1-768x268.jpg 768w\" sizes=\"auto, (max-width: 1015px) 100vw, 1015px\" \/><\/p>\n<p>&nbsp;<\/p>\n<p><img loading=\"lazy\" decoding=\"async\" class=\"aligncenter size-full wp-image-4403\" src=\"https:\/\/agora.xtec.cat\/instarragona\/wp-content\/uploads\/usu484\/2023\/06\/Captura-7.jpg\" alt=\"\" width=\"569\" height=\"688\" srcset=\"https:\/\/agora.xtec.cat\/instarragona\/wp-content\/uploads\/usu484\/2023\/06\/Captura-7.jpg 569w, https:\/\/agora.xtec.cat\/instarragona\/wp-content\/uploads\/usu484\/2023\/06\/Captura-7-248x300.jpg 248w\" sizes=\"auto, (max-width: 569px) 100vw, 569px\" \/><\/p>\n<p>&nbsp;<\/p>\n","protected":false},"excerpt":{"rendered":"<p>Els alumnes de 3r d\u2019ESO de l\u2019Institut Tarragona, juntament amb una quinzena de centres educatius de la ciutat, han presentat les seves propostes per projectar una Tarragona m\u00e9s sostenible. L\u2019acte va tenir lloc divendres 2 de juny, al Centre Cultural Antic Ajuntament, en el marc&hellip;  <a href=\"https:\/\/agora.xtec.cat\/instarragona\/eso\/eso-3\/mira-parla-actua\/\" title=\"Read Mira, parla, actua!\">Llegeix m\u00e9s\u00bb<\/a><\/p>\n","protected":false},"author":1,"featured_media":4400,"comment_status":"open","ping_status":"closed","sticky":false,"template":"","format":"standard","meta":{"_bbp_topic_count":0,"_bbp_reply_count":0,"_bbp_total_topic_count":0,"_bbp_total_reply_count":0,"_bbp_voice_count":0,"_bbp_anonymous_reply_count":0,"_bbp_topic_count_hidden":0,"_bbp_reply_count_hidden":0,"_bbp_forum_subforum_count":0,"footnotes":""},"categories":[6,29],"tags":[108],"class_list":["post-4399","post","type-post","status-publish","format-standard","has-post-thumbnail","hentry","category-eso-3","category-portada","tag-activitats"],"post_mailing_queue_ids":[],"_links":{"self":[{"href":"https:\/\/agora.xtec.cat\/instarragona\/wp-json\/wp\/v2\/posts\/4399","targetHints":{"allow":["GET"]}}],"collection":[{"href":"https:\/\/agora.xtec.cat\/instarragona\/wp-json\/wp\/v2\/posts"}],"about":[{"href":"https:\/\/agora.xtec.cat\/instarragona\/wp-json\/wp\/v2\/types\/post"}],"author":[{"embeddable":true,"href":"https:\/\/agora.xtec.cat\/instarragona\/wp-json\/wp\/v2\/users\/1"}],"replies":[{"embeddable":true,"href":"https:\/\/agora.xtec.cat\/instarragona\/wp-json\/wp\/v2\/comments?post=4399"}],"version-history":[{"count":1,"href":"https:\/\/agora.xtec.cat\/instarragona\/wp-json\/wp\/v2\/posts\/4399\/revisions"}],"predecessor-version":[{"id":4404,"href":"https:\/\/agora.xtec.cat\/instarragona\/wp-json\/wp\/v2\/posts\/4399\/revisions\/4404"}],"wp:featuredmedia":[{"embeddable":true,"href":"https:\/\/agora.xtec.cat\/instarragona\/wp-json\/wp\/v2\/media\/4400"}],"wp:attachment":[{"href":"https:\/\/agora.xtec.cat\/instarragona\/wp-json\/wp\/v2\/media?parent=4399"}],"wp:term":[{"taxonomy":"category","embeddable":true,"href":"https:\/\/agora.xtec.cat\/instarragona\/wp-json\/wp\/v2\/categories?post=4399"},{"taxonomy":"post_tag","embeddable":true,"href":"https:\/\/agora.xtec.cat\/instarragona\/wp-json\/wp\/v2\/tags?post=4399"}],"curies":[{"name":"wp","href":"https:\/\/api.w.org\/{rel}","templated":true}]}}