{"id":4391,"date":"2023-06-13T13:29:55","date_gmt":"2023-06-13T11:29:55","guid":{"rendered":"https:\/\/agora.xtec.cat\/instarragona\/?p=4391"},"modified":"2023-06-19T08:20:09","modified_gmt":"2023-06-19T06:20:09","slug":"erasmusair-quality","status":"publish","type":"post","link":"https:\/\/agora.xtec.cat\/instarragona\/eso\/eso-3\/erasmusair-quality\/","title":{"rendered":"Erasmus+Air Quality"},"content":{"rendered":"<p>Els companys francesos del projecte d&#8217;Air Quality han tornat a Tarragona per completar l&#8217;\u00faltima mobilitat del projecte.<\/p>\n<p>Un cop m\u00e9s, el projecte ha incl\u00f2s diferents activitats relacionades amb:<\/p>\n<ul>\n<li>el mesurament de les emissions de CO2 i part\u00edcules contaminants dins i fora de l&#8217;aula<\/li>\n<li>la influ\u00e8ncia de les plantes en la reducci\u00f3 del CO2 a l&#8217;atmosfera<\/li>\n<li>l&#8217;impacte del tr\u00e0nsit en la contaminaci\u00f3 ambiental<\/li>\n<li>flota de cotxes a Tarragona<\/li>\n<li>el cam\u00ed de ronda i xerrada t\u00e8cnica sobre l&#8217;impacte del canvi clim\u00e0tic i la pressi\u00f3 humana en el nostre litoral<\/li>\n<li>l&#8217;efecte de la qualitat de l&#8217;aire en la nostra salut, amb una xerrada a la Vall d&#8217;Hebron de Barcelona<\/li>\n<\/ul>\n<p>I&#8230; moltes m\u00e9s activitats l\u00fadiques i culturals!<\/p>\n<table style=\"border-collapse: collapse; width: 100%;\">\n<tbody>\n<tr>\n<td style=\"width: 50%;\"><img loading=\"lazy\" decoding=\"async\" class=\"aligncenter size-full wp-image-4410\" src=\"https:\/\/agora.xtec.cat\/instarragona\/wp-content\/uploads\/usu484\/2023\/06\/2-2.jpg\" alt=\"\" width=\"1058\" height=\"728\" srcset=\"https:\/\/agora.xtec.cat\/instarragona\/wp-content\/uploads\/usu484\/2023\/06\/2-2.jpg 1058w, https:\/\/agora.xtec.cat\/instarragona\/wp-content\/uploads\/usu484\/2023\/06\/2-2-300x206.jpg 300w, https:\/\/agora.xtec.cat\/instarragona\/wp-content\/uploads\/usu484\/2023\/06\/2-2-1024x705.jpg 1024w, https:\/\/agora.xtec.cat\/instarragona\/wp-content\/uploads\/usu484\/2023\/06\/2-2-768x528.jpg 768w\" sizes=\"auto, (max-width: 1058px) 100vw, 1058px\" \/><\/td>\n<td style=\"width: 50%;\"><img loading=\"lazy\" decoding=\"async\" class=\"aligncenter wp-image-4411\" src=\"https:\/\/agora.xtec.cat\/instarragona\/wp-content\/uploads\/usu484\/2023\/06\/1686638427364.jpg\" alt=\"\" width=\"611\" height=\"458\" srcset=\"https:\/\/agora.xtec.cat\/instarragona\/wp-content\/uploads\/usu484\/2023\/06\/1686638427364.jpg 2000w, https:\/\/agora.xtec.cat\/instarragona\/wp-content\/uploads\/usu484\/2023\/06\/1686638427364-300x225.jpg 300w, https:\/\/agora.xtec.cat\/instarragona\/wp-content\/uploads\/usu484\/2023\/06\/1686638427364-1024x768.jpg 1024w, https:\/\/agora.xtec.cat\/instarragona\/wp-content\/uploads\/usu484\/2023\/06\/1686638427364-768x576.jpg 768w, https:\/\/agora.xtec.cat\/instarragona\/wp-content\/uploads\/usu484\/2023\/06\/1686638427364-1536x1152.jpg 1536w, https:\/\/agora.xtec.cat\/instarragona\/wp-content\/uploads\/usu484\/2023\/06\/1686638427364-200x150.jpg 200w\" sizes=\"auto, (max-width: 611px) 100vw, 611px\" \/><\/td>\n<\/tr>\n<tr>\n<td style=\"width: 50%;\"><img loading=\"lazy\" decoding=\"async\" class=\"aligncenter size-full wp-image-4412\" src=\"https:\/\/agora.xtec.cat\/instarragona\/wp-content\/uploads\/usu484\/2023\/06\/5-1.jpg\" alt=\"\" width=\"1104\" height=\"679\" srcset=\"https:\/\/agora.xtec.cat\/instarragona\/wp-content\/uploads\/usu484\/2023\/06\/5-1.jpg 1104w, https:\/\/agora.xtec.cat\/instarragona\/wp-content\/uploads\/usu484\/2023\/06\/5-1-300x185.jpg 300w, https:\/\/agora.xtec.cat\/instarragona\/wp-content\/uploads\/usu484\/2023\/06\/5-1-1024x630.jpg 1024w, https:\/\/agora.xtec.cat\/instarragona\/wp-content\/uploads\/usu484\/2023\/06\/5-1-768x472.jpg 768w\" sizes=\"auto, (max-width: 1104px) 100vw, 1104px\" \/><\/td>\n<td style=\"width: 50%;\"><img loading=\"lazy\" decoding=\"async\" class=\"aligncenter wp-image-4413\" src=\"https:\/\/agora.xtec.cat\/instarragona\/wp-content\/uploads\/usu484\/2023\/06\/Captura-9.jpg\" alt=\"\" width=\"678\" height=\"396\" srcset=\"https:\/\/agora.xtec.cat\/instarragona\/wp-content\/uploads\/usu484\/2023\/06\/Captura-9.jpg 1102w, https:\/\/agora.xtec.cat\/instarragona\/wp-content\/uploads\/usu484\/2023\/06\/Captura-9-300x175.jpg 300w, https:\/\/agora.xtec.cat\/instarragona\/wp-content\/uploads\/usu484\/2023\/06\/Captura-9-1024x598.jpg 1024w, https:\/\/agora.xtec.cat\/instarragona\/wp-content\/uploads\/usu484\/2023\/06\/Captura-9-768x449.jpg 768w\" sizes=\"auto, (max-width: 678px) 100vw, 678px\" \/><\/td>\n<\/tr>\n<\/tbody>\n<\/table>\n<h4>M\u00e9s <a href=\"https:\/\/drive.google.com\/drive\/folders\/1Fh-cPOb3UL96-LzCFkGIPW0NqguCxBQ3?usp=sharing\" target=\"_blank\" rel=\"noopener\"><strong>imatges<\/strong> <\/a>del projecte.<\/h4>\n<p>&nbsp;<\/p>\n<p><img loading=\"lazy\" decoding=\"async\" class=\"aligncenter size-full wp-image-3391\" src=\"https:\/\/agora.xtec.cat\/instarragona\/wp-content\/uploads\/usu484\/2022\/06\/baixa.png\" alt=\"\" width=\"481\" height=\"105\" srcset=\"https:\/\/agora.xtec.cat\/instarragona\/wp-content\/uploads\/usu484\/2022\/06\/baixa.png 481w, https:\/\/agora.xtec.cat\/instarragona\/wp-content\/uploads\/usu484\/2022\/06\/baixa-300x65.png 300w\" sizes=\"auto, (max-width: 481px) 100vw, 481px\" \/><\/p>\n","protected":false},"excerpt":{"rendered":"<p>Els companys francesos del projecte d&#8217;Air Quality han tornat a Tarragona per completar l&#8217;\u00faltima mobilitat del projecte.<br \/>\nUn cop m\u00e9s, el projecte ha incl\u00f2s diferents activitats relacionades amb:<\/p>\n<ul>\n<li>el mesurament de les emissions de CO2 i part\u00edcules contaminants dins i fora de l&#8217;aula<\/li>\n<li>la influ\u00e8ncia de les plantes&hellip;  <a href=\"https:\/\/agora.xtec.cat\/instarragona\/eso\/eso-3\/erasmusair-quality\/\" title=\"Read Erasmus+Air Quality\">Llegeix m\u00e9s\u00bb<\/a><br \/>\n","protected":false},"author":1,"featured_media":4409,"comment_status":"open","ping_status":"closed","sticky":false,"template":"","format":"standard","meta":{"_bbp_topic_count":0,"_bbp_reply_count":0,"_bbp_total_topic_count":0,"_bbp_total_reply_count":0,"_bbp_voice_count":0,"_bbp_anonymous_reply_count":0,"_bbp_topic_count_hidden":0,"_bbp_reply_count_hidden":0,"_bbp_forum_subforum_count":0,"footnotes":""},"categories":[6,29,100],"tags":[145,101],"class_list":["post-4391","post","type-post","status-publish","format-standard","has-post-thumbnail","hentry","category-eso-3","category-portada","category-projectes","tag-erasmus-acretitation","tag-erasmus"],"post_mailing_queue_ids":[],"_links":{"self":[{"href":"https:\/\/agora.xtec.cat\/instarragona\/wp-json\/wp\/v2\/posts\/4391","targetHints":{"allow":["GET"]}}],"collection":[{"href":"https:\/\/agora.xtec.cat\/instarragona\/wp-json\/wp\/v2\/posts"}],"about":[{"href":"https:\/\/agora.xtec.cat\/instarragona\/wp-json\/wp\/v2\/types\/post"}],"author":[{"embeddable":true,"href":"https:\/\/agora.xtec.cat\/instarragona\/wp-json\/wp\/v2\/users\/1"}],"replies":[{"embeddable":true,"href":"https:\/\/agora.xtec.cat\/instarragona\/wp-json\/wp\/v2\/comments?post=4391"}],"version-history":[{"count":3,"href":"https:\/\/agora.xtec.cat\/instarragona\/wp-json\/wp\/v2\/posts\/4391\/revisions"}],"predecessor-version":[{"id":4440,"href":"https:\/\/agora.xtec.cat\/instarragona\/wp-json\/wp\/v2\/posts\/4391\/revisions\/4440"}],"wp:featuredmedia":[{"embeddable":true,"href":"https:\/\/agora.xtec.cat\/instarragona\/wp-json\/wp\/v2\/media\/4409"}],"wp:attachment":[{"href":"https:\/\/agora.xtec.cat\/instarragona\/wp-json\/wp\/v2\/media?parent=4391"}],"wp:term":[{"taxonomy":"category","embeddable":true,"href":"https:\/\/agora.xtec.cat\/instarragona\/wp-json\/wp\/v2\/categories?post=4391"},{"taxonomy":"post_tag","embeddable":true,"href":"https:\/\/agora.xtec.cat\/instarragona\/wp-json\/wp\/v2\/tags?post=4391"}],"curies":[{"name":"wp","href":"https:\/\/api.w.org\/{rel}","templated":true}]}}