{"id":4364,"date":"2023-06-08T10:33:27","date_gmt":"2023-06-08T08:33:27","guid":{"rendered":"https:\/\/agora.xtec.cat\/instarragona\/?p=4364"},"modified":"2023-06-12T08:02:34","modified_gmt":"2023-06-12T06:02:34","slug":"projecte-de-llengues-a-1r-deso","status":"publish","type":"post","link":"https:\/\/agora.xtec.cat\/instarragona\/eso\/projecte-de-llengues-a-1r-deso\/","title":{"rendered":"Projecte de lleng\u00fces a 1r d&#8217;ESO"},"content":{"rendered":"<p>Durant el 3r trimestre ha tocat el torn al projecte transversal de Lleng\u00fces. Llegendes, hist\u00f2ries inventades, adaptacions de contes tradicionals, videopoemes&#8230;. a cada nivell ha estat ben diferent!<\/p>\n<p>A 1r d&#8217;ESO consistia a elaborar tres productes comunicatius finals: un tr\u00edptic en llengua castellana sobre el Pont del Diable, un altre en llengua catalana i un TikTok d&#8217;un minut de durada en el qual havien d&#8217;explicar la llegenda del Pont del Diable en angl\u00e8s. \u00c9s un projecte que ha combinat una sortida senderista cap a l&#8217;aq\u00fceducte de les Ferrreres, un temps de disseny i planificaci\u00f3 dels tres elements comunicatius, un temps per aprendre a fer un tr\u00edptic en paper i un de virtual, i un temps d&#8217;edici\u00f3 dels v\u00eddeos de TikTok amb el programa CutCap o altres de similars. L&#8217;alumnat n&#8217;ha quedat content. Mireu alguns dels resultats.<\/p>\n<table style=\"border-collapse: collapse; width: 100%;\">\n<tbody>\n<tr>\n<td style=\"width: 33.3333%;\"><img loading=\"lazy\" decoding=\"async\" class=\"aligncenter wp-image-4369\" src=\"https:\/\/agora.xtec.cat\/instarragona\/wp-content\/uploads\/usu484\/2023\/06\/Captura3.jpg\" alt=\"\" width=\"423\" height=\"566\" srcset=\"https:\/\/agora.xtec.cat\/instarragona\/wp-content\/uploads\/usu484\/2023\/06\/Captura3.jpg 562w, https:\/\/agora.xtec.cat\/instarragona\/wp-content\/uploads\/usu484\/2023\/06\/Captura3-224x300.jpg 224w\" sizes=\"auto, (max-width: 423px) 100vw, 423px\" \/><\/td>\n<td style=\"width: 33.3333%;\"><img loading=\"lazy\" decoding=\"async\" class=\"aligncenter size-full wp-image-4366\" src=\"https:\/\/agora.xtec.cat\/instarragona\/wp-content\/uploads\/usu484\/2023\/06\/Captura2-1.jpg\" alt=\"\" width=\"550\" height=\"798\" srcset=\"https:\/\/agora.xtec.cat\/instarragona\/wp-content\/uploads\/usu484\/2023\/06\/Captura2-1.jpg 550w, https:\/\/agora.xtec.cat\/instarragona\/wp-content\/uploads\/usu484\/2023\/06\/Captura2-1-207x300.jpg 207w\" sizes=\"auto, (max-width: 550px) 100vw, 550px\" \/><\/td>\n<td style=\"width: 33.3333%;\"><img loading=\"lazy\" decoding=\"async\" class=\"aligncenter size-full wp-image-4367\" src=\"https:\/\/agora.xtec.cat\/instarragona\/wp-content\/uploads\/usu484\/2023\/06\/Captura4.jpg\" alt=\"\" width=\"546\" height=\"706\" srcset=\"https:\/\/agora.xtec.cat\/instarragona\/wp-content\/uploads\/usu484\/2023\/06\/Captura4.jpg 546w, https:\/\/agora.xtec.cat\/instarragona\/wp-content\/uploads\/usu484\/2023\/06\/Captura4-232x300.jpg 232w\" sizes=\"auto, (max-width: 546px) 100vw, 546px\" \/><\/td>\n<\/tr>\n<\/tbody>\n<\/table>\n<p><img loading=\"lazy\" decoding=\"async\" class=\"aligncenter size-full wp-image-4365\" src=\"https:\/\/agora.xtec.cat\/instarragona\/wp-content\/uploads\/usu484\/2023\/06\/Captura-4.jpg\" alt=\"\" width=\"1203\" height=\"850\" srcset=\"https:\/\/agora.xtec.cat\/instarragona\/wp-content\/uploads\/usu484\/2023\/06\/Captura-4.jpg 1203w, https:\/\/agora.xtec.cat\/instarragona\/wp-content\/uploads\/usu484\/2023\/06\/Captura-4-300x212.jpg 300w, https:\/\/agora.xtec.cat\/instarragona\/wp-content\/uploads\/usu484\/2023\/06\/Captura-4-1024x724.jpg 1024w, https:\/\/agora.xtec.cat\/instarragona\/wp-content\/uploads\/usu484\/2023\/06\/Captura-4-768x543.jpg 768w\" sizes=\"auto, (max-width: 1203px) 100vw, 1203px\" \/><\/p>\n","protected":false},"excerpt":{"rendered":"<p>Durant el 3r trimestre ha tocat el torn al projecte transversal de Lleng\u00fces. Llegendes, hist\u00f2ries inventades, adaptacions de contes tradicionals, videopoemes&#8230;. a cada nivell ha estat ben diferent!<br \/>\nA 1r d&#8217;ESO consistia a elaborar tres productes comunicatius finals: un tr\u00edptic en llengua castellana sobre el Pont&hellip;  <a href=\"https:\/\/agora.xtec.cat\/instarragona\/eso\/projecte-de-llengues-a-1r-deso\/\" title=\"Read Projecte de lleng\u00fces a 1r d&#8217;ESO\">Llegeix m\u00e9s\u00bb<\/a><\/p>\n","protected":false},"author":1,"featured_media":4365,"comment_status":"open","ping_status":"closed","sticky":false,"template":"","format":"standard","meta":{"_bbp_topic_count":0,"_bbp_reply_count":0,"_bbp_total_topic_count":0,"_bbp_total_reply_count":0,"_bbp_voice_count":0,"_bbp_anonymous_reply_count":0,"_bbp_topic_count_hidden":0,"_bbp_reply_count_hidden":0,"_bbp_forum_subforum_count":0,"footnotes":""},"categories":[3,29],"tags":[137,99],"class_list":["post-4364","post","type-post","status-publish","format-standard","has-post-thumbnail","hentry","category-eso","category-portada","tag-llengues","tag-projectes"],"post_mailing_queue_ids":[],"_links":{"self":[{"href":"https:\/\/agora.xtec.cat\/instarragona\/wp-json\/wp\/v2\/posts\/4364","targetHints":{"allow":["GET"]}}],"collection":[{"href":"https:\/\/agora.xtec.cat\/instarragona\/wp-json\/wp\/v2\/posts"}],"about":[{"href":"https:\/\/agora.xtec.cat\/instarragona\/wp-json\/wp\/v2\/types\/post"}],"author":[{"embeddable":true,"href":"https:\/\/agora.xtec.cat\/instarragona\/wp-json\/wp\/v2\/users\/1"}],"replies":[{"embeddable":true,"href":"https:\/\/agora.xtec.cat\/instarragona\/wp-json\/wp\/v2\/comments?post=4364"}],"version-history":[{"count":3,"href":"https:\/\/agora.xtec.cat\/instarragona\/wp-json\/wp\/v2\/posts\/4364\/revisions"}],"predecessor-version":[{"id":4382,"href":"https:\/\/agora.xtec.cat\/instarragona\/wp-json\/wp\/v2\/posts\/4364\/revisions\/4382"}],"wp:featuredmedia":[{"embeddable":true,"href":"https:\/\/agora.xtec.cat\/instarragona\/wp-json\/wp\/v2\/media\/4365"}],"wp:attachment":[{"href":"https:\/\/agora.xtec.cat\/instarragona\/wp-json\/wp\/v2\/media?parent=4364"}],"wp:term":[{"taxonomy":"category","embeddable":true,"href":"https:\/\/agora.xtec.cat\/instarragona\/wp-json\/wp\/v2\/categories?post=4364"},{"taxonomy":"post_tag","embeddable":true,"href":"https:\/\/agora.xtec.cat\/instarragona\/wp-json\/wp\/v2\/tags?post=4364"}],"curies":[{"name":"wp","href":"https:\/\/api.w.org\/{rel}","templated":true}]}}