{"id":4359,"date":"2023-06-05T08:54:12","date_gmt":"2023-06-05T06:54:12","guid":{"rendered":"https:\/\/agora.xtec.cat\/instarragona\/?p=4359"},"modified":"2023-06-05T08:56:44","modified_gmt":"2023-06-05T06:56:44","slug":"culture-box","status":"publish","type":"post","link":"https:\/\/agora.xtec.cat\/instarragona\/eso\/eso-1\/culture-box\/","title":{"rendered":"Culture box"},"content":{"rendered":"<p>Avui ens agradaria compartir amb vosaltres una activitat que estem realitzant a Global\u00a0Scholars. Els nostres alumnes estan treballant amb molta il\u00b7lusi\u00f3 en la preparaci\u00f3 d&#8217;una &#8220;<span style=\"color: #008000;\"><strong>Culture Box<\/strong><\/span>&#8221; per intercanviar amb una escola de <span style=\"color: #008000;\"><strong>Se\u00fcl<\/strong><\/span>. Els estudiants tenen l&#8217;oportunitat de mostrar la nostra cultura i tradicions als seus companys de l&#8217;altre pa\u00eds. Cada alumne est\u00e0 escrivint una carta, algunes amb fotografies i compartint objectes, aliments, m\u00fasica o altres elements que reflecteixen la riquesa de la nostra terra, fomentant la diversitat cultural i l&#8217;intercanvi d&#8217;experi\u00e8ncies.<\/p>\n<div><img loading=\"lazy\" decoding=\"async\" class=\"aligncenter size-full wp-image-4360\" src=\"https:\/\/agora.xtec.cat\/instarragona\/wp-content\/uploads\/usu484\/2023\/06\/Captura-3.jpg\" alt=\"\" width=\"794\" height=\"641\" srcset=\"https:\/\/agora.xtec.cat\/instarragona\/wp-content\/uploads\/usu484\/2023\/06\/Captura-3.jpg 794w, https:\/\/agora.xtec.cat\/instarragona\/wp-content\/uploads\/usu484\/2023\/06\/Captura-3-300x242.jpg 300w, https:\/\/agora.xtec.cat\/instarragona\/wp-content\/uploads\/usu484\/2023\/06\/Captura-3-768x620.jpg 768w\" sizes=\"auto, (max-width: 794px) 100vw, 794px\" \/><\/div>\n","protected":false},"excerpt":{"rendered":"<p>Avui ens agradaria compartir amb vosaltres una activitat que estem realitzant a Global\u00a0Scholars. Els nostres alumnes estan treballant amb molta il\u00b7lusi\u00f3 en la preparaci\u00f3 d&#8217;una &#8220;Culture Box&#8221; per intercanviar amb una escola de Se\u00fcl. Els estudiants tenen l&#8217;oportunitat de mostrar la nostra cultura i tradicions&hellip;  <a href=\"https:\/\/agora.xtec.cat\/instarragona\/eso\/eso-1\/culture-box\/\" title=\"Read Culture box\">Llegeix m\u00e9s\u00bb<\/a><\/p>\n","protected":false},"author":1,"featured_media":0,"comment_status":"open","ping_status":"closed","sticky":false,"template":"","format":"standard","meta":{"_bbp_topic_count":0,"_bbp_reply_count":0,"_bbp_total_topic_count":0,"_bbp_total_reply_count":0,"_bbp_voice_count":0,"_bbp_anonymous_reply_count":0,"_bbp_topic_count_hidden":0,"_bbp_reply_count_hidden":0,"_bbp_forum_subforum_count":0,"footnotes":""},"categories":[4,5,29,100],"tags":[141,99],"class_list":["post-4359","post","type-post","status-publish","format-standard","hentry","category-eso-1","category-eso-2","category-portada","category-projectes","tag-global-scholars","tag-projectes"],"post_mailing_queue_ids":[],"_links":{"self":[{"href":"https:\/\/agora.xtec.cat\/instarragona\/wp-json\/wp\/v2\/posts\/4359","targetHints":{"allow":["GET"]}}],"collection":[{"href":"https:\/\/agora.xtec.cat\/instarragona\/wp-json\/wp\/v2\/posts"}],"about":[{"href":"https:\/\/agora.xtec.cat\/instarragona\/wp-json\/wp\/v2\/types\/post"}],"author":[{"embeddable":true,"href":"https:\/\/agora.xtec.cat\/instarragona\/wp-json\/wp\/v2\/users\/1"}],"replies":[{"embeddable":true,"href":"https:\/\/agora.xtec.cat\/instarragona\/wp-json\/wp\/v2\/comments?post=4359"}],"version-history":[{"count":3,"href":"https:\/\/agora.xtec.cat\/instarragona\/wp-json\/wp\/v2\/posts\/4359\/revisions"}],"predecessor-version":[{"id":4363,"href":"https:\/\/agora.xtec.cat\/instarragona\/wp-json\/wp\/v2\/posts\/4359\/revisions\/4363"}],"wp:attachment":[{"href":"https:\/\/agora.xtec.cat\/instarragona\/wp-json\/wp\/v2\/media?parent=4359"}],"wp:term":[{"taxonomy":"category","embeddable":true,"href":"https:\/\/agora.xtec.cat\/instarragona\/wp-json\/wp\/v2\/categories?post=4359"},{"taxonomy":"post_tag","embeddable":true,"href":"https:\/\/agora.xtec.cat\/instarragona\/wp-json\/wp\/v2\/tags?post=4359"}],"curies":[{"name":"wp","href":"https:\/\/api.w.org\/{rel}","templated":true}]}}