{"id":4350,"date":"2023-06-05T08:46:05","date_gmt":"2023-06-05T06:46:05","guid":{"rendered":"https:\/\/agora.xtec.cat\/instarragona\/?p=4350"},"modified":"2023-06-05T08:47:10","modified_gmt":"2023-06-05T06:47:10","slug":"la-poesia-dels-parcs-de-tarragona","status":"publish","type":"post","link":"https:\/\/agora.xtec.cat\/instarragona\/eso\/eso-2\/la-poesia-dels-parcs-de-tarragona\/","title":{"rendered":"La poesia dels parcs de Tarragona"},"content":{"rendered":"<div class=\"aju\">\n<p class=\"aCi\">L&#8217;activitat dedicada a l&#8217;Orientaci\u00f3 acad\u00e8mica, professional i personal del nostre alumnat de 2n d&#8217;ESO des de la mat\u00e8ria de Llengua Catalana i Literatura \u00e9s una passejada pel parc del Camp de Mart per anar llegint les poesies i con\u00e8ixer les poetes tarragonines vinculades als arbres del parc. L&#8217;alumnat, per grups, han presentat l&#8217;autora llegida i han recitat el poema del plaf\u00f3 corresponent. Ha estat un gaudi i un regal, un b\u00e0lsam per al nostre esperit alterat a final de curs!<\/p>\n<p>&nbsp;<\/p>\n<p><img loading=\"lazy\" decoding=\"async\" class=\"aligncenter size-full wp-image-4351\" src=\"https:\/\/agora.xtec.cat\/instarragona\/wp-content\/uploads\/usu484\/2023\/06\/Captura-1.jpg\" alt=\"\" width=\"1418\" height=\"352\" srcset=\"https:\/\/agora.xtec.cat\/instarragona\/wp-content\/uploads\/usu484\/2023\/06\/Captura-1.jpg 1418w, https:\/\/agora.xtec.cat\/instarragona\/wp-content\/uploads\/usu484\/2023\/06\/Captura-1-300x74.jpg 300w, https:\/\/agora.xtec.cat\/instarragona\/wp-content\/uploads\/usu484\/2023\/06\/Captura-1-1024x254.jpg 1024w, https:\/\/agora.xtec.cat\/instarragona\/wp-content\/uploads\/usu484\/2023\/06\/Captura-1-768x191.jpg 768w\" sizes=\"auto, (max-width: 1418px) 100vw, 1418px\" \/> <img loading=\"lazy\" decoding=\"async\" class=\"aligncenter size-full wp-image-4352\" src=\"https:\/\/agora.xtec.cat\/instarragona\/wp-content\/uploads\/usu484\/2023\/06\/2.jpg\" alt=\"\" width=\"1429\" height=\"713\" srcset=\"https:\/\/agora.xtec.cat\/instarragona\/wp-content\/uploads\/usu484\/2023\/06\/2.jpg 1429w, https:\/\/agora.xtec.cat\/instarragona\/wp-content\/uploads\/usu484\/2023\/06\/2-300x150.jpg 300w, https:\/\/agora.xtec.cat\/instarragona\/wp-content\/uploads\/usu484\/2023\/06\/2-1024x511.jpg 1024w, https:\/\/agora.xtec.cat\/instarragona\/wp-content\/uploads\/usu484\/2023\/06\/2-768x383.jpg 768w\" sizes=\"auto, (max-width: 1429px) 100vw, 1429px\" \/> <img loading=\"lazy\" decoding=\"async\" class=\"aligncenter size-full wp-image-4353\" src=\"https:\/\/agora.xtec.cat\/instarragona\/wp-content\/uploads\/usu484\/2023\/06\/4-1.jpg\" alt=\"\" width=\"1430\" height=\"727\" srcset=\"https:\/\/agora.xtec.cat\/instarragona\/wp-content\/uploads\/usu484\/2023\/06\/4-1.jpg 1430w, https:\/\/agora.xtec.cat\/instarragona\/wp-content\/uploads\/usu484\/2023\/06\/4-1-300x153.jpg 300w, https:\/\/agora.xtec.cat\/instarragona\/wp-content\/uploads\/usu484\/2023\/06\/4-1-1024x521.jpg 1024w, https:\/\/agora.xtec.cat\/instarragona\/wp-content\/uploads\/usu484\/2023\/06\/4-1-768x390.jpg 768w\" sizes=\"auto, (max-width: 1430px) 100vw, 1430px\" \/><\/p>\n<\/div>\n","protected":false},"excerpt":{"rendered":"<p>L&#8217;activitat dedicada a l&#8217;Orientaci\u00f3 acad\u00e8mica, professional i personal del nostre alumnat de 2n d&#8217;ESO des de la mat\u00e8ria de Llengua Catalana i Literatura \u00e9s una passejada pel parc del Camp de Mart per anar llegint les poesies i con\u00e8ixer les poetes tarragonines vinculades als arbres&hellip;  <a href=\"https:\/\/agora.xtec.cat\/instarragona\/eso\/eso-2\/la-poesia-dels-parcs-de-tarragona\/\" title=\"Read La poesia dels parcs de Tarragona\">Llegeix m\u00e9s\u00bb<\/a><\/p>\n","protected":false},"author":1,"featured_media":4355,"comment_status":"open","ping_status":"closed","sticky":false,"template":"","format":"standard","meta":{"_bbp_topic_count":0,"_bbp_reply_count":0,"_bbp_total_topic_count":0,"_bbp_total_reply_count":0,"_bbp_voice_count":0,"_bbp_anonymous_reply_count":0,"_bbp_topic_count_hidden":0,"_bbp_reply_count_hidden":0,"_bbp_forum_subforum_count":0,"footnotes":""},"categories":[5,29],"tags":[119,102],"class_list":["post-4350","post","type-post","status-publish","format-standard","has-post-thumbnail","hentry","category-eso-2","category-portada","tag-catala","tag-orientacio"],"post_mailing_queue_ids":[],"_links":{"self":[{"href":"https:\/\/agora.xtec.cat\/instarragona\/wp-json\/wp\/v2\/posts\/4350","targetHints":{"allow":["GET"]}}],"collection":[{"href":"https:\/\/agora.xtec.cat\/instarragona\/wp-json\/wp\/v2\/posts"}],"about":[{"href":"https:\/\/agora.xtec.cat\/instarragona\/wp-json\/wp\/v2\/types\/post"}],"author":[{"embeddable":true,"href":"https:\/\/agora.xtec.cat\/instarragona\/wp-json\/wp\/v2\/users\/1"}],"replies":[{"embeddable":true,"href":"https:\/\/agora.xtec.cat\/instarragona\/wp-json\/wp\/v2\/comments?post=4350"}],"version-history":[{"count":1,"href":"https:\/\/agora.xtec.cat\/instarragona\/wp-json\/wp\/v2\/posts\/4350\/revisions"}],"predecessor-version":[{"id":4354,"href":"https:\/\/agora.xtec.cat\/instarragona\/wp-json\/wp\/v2\/posts\/4350\/revisions\/4354"}],"wp:featuredmedia":[{"embeddable":true,"href":"https:\/\/agora.xtec.cat\/instarragona\/wp-json\/wp\/v2\/media\/4355"}],"wp:attachment":[{"href":"https:\/\/agora.xtec.cat\/instarragona\/wp-json\/wp\/v2\/media?parent=4350"}],"wp:term":[{"taxonomy":"category","embeddable":true,"href":"https:\/\/agora.xtec.cat\/instarragona\/wp-json\/wp\/v2\/categories?post=4350"},{"taxonomy":"post_tag","embeddable":true,"href":"https:\/\/agora.xtec.cat\/instarragona\/wp-json\/wp\/v2\/tags?post=4350"}],"curies":[{"name":"wp","href":"https:\/\/api.w.org\/{rel}","templated":true}]}}