{"id":4293,"date":"2023-05-17T09:43:19","date_gmt":"2023-05-17T07:43:19","guid":{"rendered":"https:\/\/agora.xtec.cat\/instarragona\/?p=4293"},"modified":"2023-05-17T21:14:08","modified_gmt":"2023-05-17T19:14:08","slug":"veus-de-dona","status":"publish","type":"post","link":"https:\/\/agora.xtec.cat\/instarragona\/batxillerat\/veus-de-dona\/","title":{"rendered":"Veus de Dona"},"content":{"rendered":"<p style=\"padding-left: 40px;\">L&#8217;alumnat de 1r de Batxillerat que cursa Creaci\u00f3 Liter\u00e0ria ha fet la ruta liter\u00e0ria &#8220;Veus de Dona&#8221;. Una bona iniciativa per rec\u00f3rrer la ciutat de Tarragona sota una mirada femenina i a trav\u00e9s de la literatura, ja que la ruta s&#8217;ha centrat en textos d&#8217;escriptores tarragonines o vinculades a Tarragona i ha estat preparada i condu\u00efda pels estudiants a partir de <a href=\"http:\/\/ja.cat\/veusdedona\" target=\"_blank\" rel=\"noopener noreferrer\" data-saferedirecturl=\"https:\/\/www.google.com\/url?q=http:\/\/ja.cat\/veusdedona&amp;source=gmail&amp;ust=1684392656657000&amp;usg=AOvVaw2jHqA9i6X3ahwdALETk8gI\">ja.cat\/veusdedona<\/a><\/p>\n<table style=\"border-collapse: collapse; width: 100%;\">\n<tbody>\n<tr>\n<td style=\"width: 50%;\"><img loading=\"lazy\" decoding=\"async\" class=\"aligncenter wp-image-4295\" src=\"https:\/\/agora.xtec.cat\/instarragona\/wp-content\/uploads\/usu484\/2023\/05\/Captura1-4.jpg\" alt=\"\" width=\"466\" height=\"622\" srcset=\"https:\/\/agora.xtec.cat\/instarragona\/wp-content\/uploads\/usu484\/2023\/05\/Captura1-4.jpg 583w, https:\/\/agora.xtec.cat\/instarragona\/wp-content\/uploads\/usu484\/2023\/05\/Captura1-4-225x300.jpg 225w\" sizes=\"auto, (max-width: 466px) 100vw, 466px\" \/><\/td>\n<td style=\"width: 50%;\"><img loading=\"lazy\" decoding=\"async\" class=\"aligncenter size-full wp-image-4296\" src=\"https:\/\/agora.xtec.cat\/instarragona\/wp-content\/uploads\/usu484\/2023\/05\/Captura4.jpg\" alt=\"\" width=\"467\" height=\"622\" srcset=\"https:\/\/agora.xtec.cat\/instarragona\/wp-content\/uploads\/usu484\/2023\/05\/Captura4.jpg 467w, https:\/\/agora.xtec.cat\/instarragona\/wp-content\/uploads\/usu484\/2023\/05\/Captura4-225x300.jpg 225w\" sizes=\"auto, (max-width: 467px) 100vw, 467px\" \/><\/td>\n<\/tr>\n<\/tbody>\n<\/table>\n<p><img loading=\"lazy\" decoding=\"async\" class=\"aligncenter size-full wp-image-4297\" src=\"https:\/\/agora.xtec.cat\/instarragona\/wp-content\/uploads\/usu484\/2023\/05\/Captura5-1.jpg\" alt=\"\" width=\"629\" height=\"472\" srcset=\"https:\/\/agora.xtec.cat\/instarragona\/wp-content\/uploads\/usu484\/2023\/05\/Captura5-1.jpg 629w, https:\/\/agora.xtec.cat\/instarragona\/wp-content\/uploads\/usu484\/2023\/05\/Captura5-1-300x225.jpg 300w, https:\/\/agora.xtec.cat\/instarragona\/wp-content\/uploads\/usu484\/2023\/05\/Captura5-1-200x150.jpg 200w\" sizes=\"auto, (max-width: 629px) 100vw, 629px\" \/><\/p>\n<p>Aqu\u00ed teniu<a href=\"https:\/\/drive.google.com\/drive\/folders\/1xYz2TL45mP2yfvcdEzHgtBbz18tV7nfm?usp=share_link\" target=\"_blank\" rel=\"noopener\"><strong> totes les fotos<\/strong><\/a>.<\/p>\n<p>&nbsp;<\/p>\n","protected":false},"excerpt":{"rendered":"<p>L&#8217;alumnat de 1r de Batxillerat que cursa Creaci\u00f3 Liter\u00e0ria ha fet la ruta liter\u00e0ria &#8220;Veus de Dona&#8221;. Una bona iniciativa per rec\u00f3rrer la ciutat de Tarragona sota una mirada femenina i a trav\u00e9s de la literatura, ja que la ruta s&#8217;ha centrat en textos d&#8217;escriptores&hellip;  <a href=\"https:\/\/agora.xtec.cat\/instarragona\/batxillerat\/veus-de-dona\/\" title=\"Read Veus de Dona\">Llegeix m\u00e9s\u00bb<\/a><\/p>\n","protected":false},"author":1,"featured_media":4294,"comment_status":"open","ping_status":"closed","sticky":false,"template":"","format":"standard","meta":{"_bbp_topic_count":0,"_bbp_reply_count":0,"_bbp_total_topic_count":0,"_bbp_total_reply_count":0,"_bbp_voice_count":0,"_bbp_anonymous_reply_count":0,"_bbp_topic_count_hidden":0,"_bbp_reply_count_hidden":0,"_bbp_forum_subforum_count":0,"footnotes":""},"categories":[8,29],"tags":[119,39],"class_list":["post-4293","post","type-post","status-publish","format-standard","has-post-thumbnail","hentry","category-batxillerat","category-portada","tag-catala","tag-sortides"],"post_mailing_queue_ids":[],"_links":{"self":[{"href":"https:\/\/agora.xtec.cat\/instarragona\/wp-json\/wp\/v2\/posts\/4293","targetHints":{"allow":["GET"]}}],"collection":[{"href":"https:\/\/agora.xtec.cat\/instarragona\/wp-json\/wp\/v2\/posts"}],"about":[{"href":"https:\/\/agora.xtec.cat\/instarragona\/wp-json\/wp\/v2\/types\/post"}],"author":[{"embeddable":true,"href":"https:\/\/agora.xtec.cat\/instarragona\/wp-json\/wp\/v2\/users\/1"}],"replies":[{"embeddable":true,"href":"https:\/\/agora.xtec.cat\/instarragona\/wp-json\/wp\/v2\/comments?post=4293"}],"version-history":[{"count":2,"href":"https:\/\/agora.xtec.cat\/instarragona\/wp-json\/wp\/v2\/posts\/4293\/revisions"}],"predecessor-version":[{"id":4302,"href":"https:\/\/agora.xtec.cat\/instarragona\/wp-json\/wp\/v2\/posts\/4293\/revisions\/4302"}],"wp:featuredmedia":[{"embeddable":true,"href":"https:\/\/agora.xtec.cat\/instarragona\/wp-json\/wp\/v2\/media\/4294"}],"wp:attachment":[{"href":"https:\/\/agora.xtec.cat\/instarragona\/wp-json\/wp\/v2\/media?parent=4293"}],"wp:term":[{"taxonomy":"category","embeddable":true,"href":"https:\/\/agora.xtec.cat\/instarragona\/wp-json\/wp\/v2\/categories?post=4293"},{"taxonomy":"post_tag","embeddable":true,"href":"https:\/\/agora.xtec.cat\/instarragona\/wp-json\/wp\/v2\/tags?post=4293"}],"curies":[{"name":"wp","href":"https:\/\/api.w.org\/{rel}","templated":true}]}}