{"id":4283,"date":"2023-05-17T09:33:37","date_gmt":"2023-05-17T07:33:37","guid":{"rendered":"https:\/\/agora.xtec.cat\/instarragona\/?p=4283"},"modified":"2023-05-18T10:18:43","modified_gmt":"2023-05-18T08:18:43","slug":"com-sona-leso","status":"publish","type":"post","link":"https:\/\/agora.xtec.cat\/instarragona\/eso\/com-sona-leso\/","title":{"rendered":"Com sona l&#8217;ESO?"},"content":{"rendered":"<p>Quina experi\u00e8ncia tan enriquidora! Com sona l&#8217;ESO \u00e9s una trobada anual d\u2019alumnat i professorat de m\u00fasica de secund\u00e0ria i batxillerat on es prepara un gran concert conjunt: 1500 persones cantant, ballant i tocant. Una experi\u00e8ncia \u00fanica i espectacular. Una aposta de l\u2019escola p\u00fablica per a l\u2019escola p\u00fablica.<\/p>\n<p>Val moooooolt la pena! Moltes gr\u00e0cies a totes les persones que han fet possible aquesta gran trobada, per no oblidar. PELL DE GALLINA!<\/p>\n<p>Si voleu escoltar el concert final \u27a1 <strong><a href=\"https:\/\/proximiatv.com\/stream\/EPWhPISuCwMeipXrnilxmg\" target=\"_blank\" rel=\"noopener\">clica!<\/a><\/strong><\/p>\n<table style=\"border-collapse: collapse; width: 100%;\">\n<tbody>\n<tr>\n<td style=\"width: 50%;\"><img loading=\"lazy\" decoding=\"async\" class=\"aligncenter size-full wp-image-4285\" src=\"https:\/\/agora.xtec.cat\/instarragona\/wp-content\/uploads\/usu484\/2023\/05\/Captura1.jpg\" alt=\"\" width=\"1112\" height=\"829\" srcset=\"https:\/\/agora.xtec.cat\/instarragona\/wp-content\/uploads\/usu484\/2023\/05\/Captura1.jpg 1112w, https:\/\/agora.xtec.cat\/instarragona\/wp-content\/uploads\/usu484\/2023\/05\/Captura1-300x224.jpg 300w, https:\/\/agora.xtec.cat\/instarragona\/wp-content\/uploads\/usu484\/2023\/05\/Captura1-1024x763.jpg 1024w, https:\/\/agora.xtec.cat\/instarragona\/wp-content\/uploads\/usu484\/2023\/05\/Captura1-768x573.jpg 768w, https:\/\/agora.xtec.cat\/instarragona\/wp-content\/uploads\/usu484\/2023\/05\/Captura1-200x150.jpg 200w\" sizes=\"auto, (max-width: 1112px) 100vw, 1112px\" \/><\/td>\n<td style=\"width: 50%;\"><img loading=\"lazy\" decoding=\"async\" class=\"aligncenter size-full wp-image-4286\" src=\"https:\/\/agora.xtec.cat\/instarragona\/wp-content\/uploads\/usu484\/2023\/05\/Captura5.jpg\" alt=\"\" width=\"472\" height=\"577\" srcset=\"https:\/\/agora.xtec.cat\/instarragona\/wp-content\/uploads\/usu484\/2023\/05\/Captura5.jpg 472w, https:\/\/agora.xtec.cat\/instarragona\/wp-content\/uploads\/usu484\/2023\/05\/Captura5-245x300.jpg 245w\" sizes=\"auto, (max-width: 472px) 100vw, 472px\" \/><\/td>\n<\/tr>\n<tr>\n<td style=\"width: 50%;\"><img loading=\"lazy\" decoding=\"async\" class=\"aligncenter size-full wp-image-4287\" src=\"https:\/\/agora.xtec.cat\/instarragona\/wp-content\/uploads\/usu484\/2023\/05\/Captura1-1.jpg\" alt=\"\" width=\"618\" height=\"452\" srcset=\"https:\/\/agora.xtec.cat\/instarragona\/wp-content\/uploads\/usu484\/2023\/05\/Captura1-1.jpg 618w, https:\/\/agora.xtec.cat\/instarragona\/wp-content\/uploads\/usu484\/2023\/05\/Captura1-1-300x219.jpg 300w\" sizes=\"auto, (max-width: 618px) 100vw, 618px\" \/><\/td>\n<td style=\"width: 50%;\">\n<h1 style=\"text-align: center;\"><a href=\"https:\/\/youtube.com\/shorts\/90hazQMXJqE?feature=share\" target=\"_blank\" rel=\"noopener\"><strong>\u00daLTIMS ASSAJOS<\/strong><\/a><\/h1>\n<h1>\u00a0 \u00a0 \u00a0 \u00a0 \u00a0 \u00a0 \u00a0 \u00a0 \u00a0 \u00a0 \u00a0 \ud83c\udfbc\ud83c\udfb5\ud83c\udfa4\ud83c\udfb6\ud83c\udfa7<\/h1>\n<\/td>\n<\/tr>\n<\/tbody>\n<\/table>\n<p>&nbsp;<\/p>\n<p>M\u00e9s <a href=\"https:\/\/drive.google.com\/drive\/folders\/1iItdGFUf5cPdzx0VlTdhp8jv2cnA4rbH?usp=share_link\" target=\"_blank\" rel=\"noopener\"><strong>imatges<\/strong><\/a>!<\/p>\n<p>&nbsp;<\/p>\n","protected":false},"excerpt":{"rendered":"<p>Quina experi\u00e8ncia tan enriquidora! Com sona l&#8217;ESO \u00e9s una trobada anual d\u2019alumnat i professorat de m\u00fasica de secund\u00e0ria i batxillerat on es prepara un gran concert conjunt: 1500 persones cantant, ballant i tocant. Una experi\u00e8ncia \u00fanica i espectacular. Una aposta de l\u2019escola p\u00fablica per a&hellip;  <a href=\"https:\/\/agora.xtec.cat\/instarragona\/eso\/com-sona-leso\/\" title=\"Read Com sona l&#8217;ESO?\">Llegeix m\u00e9s\u00bb<\/a><\/p>\n","protected":false},"author":1,"featured_media":4290,"comment_status":"open","ping_status":"closed","sticky":false,"template":"","format":"standard","meta":{"_bbp_topic_count":0,"_bbp_reply_count":0,"_bbp_total_topic_count":0,"_bbp_total_reply_count":0,"_bbp_voice_count":0,"_bbp_anonymous_reply_count":0,"_bbp_topic_count_hidden":0,"_bbp_reply_count_hidden":0,"_bbp_forum_subforum_count":0,"footnotes":""},"categories":[3,29],"tags":[111],"class_list":["post-4283","post","type-post","status-publish","format-standard","has-post-thumbnail","hentry","category-eso","category-portada","tag-musica"],"post_mailing_queue_ids":[],"_links":{"self":[{"href":"https:\/\/agora.xtec.cat\/instarragona\/wp-json\/wp\/v2\/posts\/4283","targetHints":{"allow":["GET"]}}],"collection":[{"href":"https:\/\/agora.xtec.cat\/instarragona\/wp-json\/wp\/v2\/posts"}],"about":[{"href":"https:\/\/agora.xtec.cat\/instarragona\/wp-json\/wp\/v2\/types\/post"}],"author":[{"embeddable":true,"href":"https:\/\/agora.xtec.cat\/instarragona\/wp-json\/wp\/v2\/users\/1"}],"replies":[{"embeddable":true,"href":"https:\/\/agora.xtec.cat\/instarragona\/wp-json\/wp\/v2\/comments?post=4283"}],"version-history":[{"count":3,"href":"https:\/\/agora.xtec.cat\/instarragona\/wp-json\/wp\/v2\/posts\/4283\/revisions"}],"predecessor-version":[{"id":4304,"href":"https:\/\/agora.xtec.cat\/instarragona\/wp-json\/wp\/v2\/posts\/4283\/revisions\/4304"}],"wp:featuredmedia":[{"embeddable":true,"href":"https:\/\/agora.xtec.cat\/instarragona\/wp-json\/wp\/v2\/media\/4290"}],"wp:attachment":[{"href":"https:\/\/agora.xtec.cat\/instarragona\/wp-json\/wp\/v2\/media?parent=4283"}],"wp:term":[{"taxonomy":"category","embeddable":true,"href":"https:\/\/agora.xtec.cat\/instarragona\/wp-json\/wp\/v2\/categories?post=4283"},{"taxonomy":"post_tag","embeddable":true,"href":"https:\/\/agora.xtec.cat\/instarragona\/wp-json\/wp\/v2\/tags?post=4283"}],"curies":[{"name":"wp","href":"https:\/\/api.w.org\/{rel}","templated":true}]}}