{"id":4273,"date":"2023-05-15T12:04:41","date_gmt":"2023-05-15T10:04:41","guid":{"rendered":"https:\/\/agora.xtec.cat\/instarragona\/?p=4273"},"modified":"2023-05-15T12:06:20","modified_gmt":"2023-05-15T10:06:20","slug":"projecte-exodes","status":"publish","type":"post","link":"https:\/\/agora.xtec.cat\/instarragona\/eso\/eso-3\/projecte-exodes\/","title":{"rendered":"Projecte \u00c8xodes"},"content":{"rendered":"<p>L\u2019alumnat de 3r d\u2019ESO ha participat en el <strong><span style=\"color: #008000;\">Projecte \u00c8xodes: transitant fronteres visibles i invisibles<\/span><\/strong>. Un projecte de la C\u00e0tedra UNESCO de Di\u00e0leg Intercultural a la Mediterr\u00e0nia de la Universitat Rovira i Virgili. En l\u2019Estany d\u2019Ivars han viscut en primera persona el fet migratori i s\u2019han posat en la pell de diferents persones migrades. M\u00e9s <strong><a href=\"https:\/\/drive.google.com\/drive\/folders\/1YIRSX3jV7p4T7Nhrn_j5Uy6s2l5JUOdl?usp=share_link\" target=\"_blank\" rel=\"noopener\">imatges<\/a><\/strong> aqu\u00ed mateix.<\/p>\n<p><img loading=\"lazy\" decoding=\"async\" class=\"aligncenter size-full wp-image-4275\" src=\"https:\/\/agora.xtec.cat\/instarragona\/wp-content\/uploads\/usu484\/2023\/05\/Captura-10.jpg\" alt=\"\" width=\"625\" height=\"470\" srcset=\"https:\/\/agora.xtec.cat\/instarragona\/wp-content\/uploads\/usu484\/2023\/05\/Captura-10.jpg 625w, https:\/\/agora.xtec.cat\/instarragona\/wp-content\/uploads\/usu484\/2023\/05\/Captura-10-300x226.jpg 300w, https:\/\/agora.xtec.cat\/instarragona\/wp-content\/uploads\/usu484\/2023\/05\/Captura-10-200x150.jpg 200w\" sizes=\"auto, (max-width: 625px) 100vw, 625px\" \/><\/p>\n<p>&nbsp;<\/p>\n<p><img loading=\"lazy\" decoding=\"async\" class=\"aligncenter size-full wp-image-4276\" src=\"https:\/\/agora.xtec.cat\/instarragona\/wp-content\/uploads\/usu484\/2023\/05\/Captura-11.jpg\" alt=\"\" width=\"620\" height=\"461\" srcset=\"https:\/\/agora.xtec.cat\/instarragona\/wp-content\/uploads\/usu484\/2023\/05\/Captura-11.jpg 620w, https:\/\/agora.xtec.cat\/instarragona\/wp-content\/uploads\/usu484\/2023\/05\/Captura-11-300x223.jpg 300w, https:\/\/agora.xtec.cat\/instarragona\/wp-content\/uploads\/usu484\/2023\/05\/Captura-11-200x150.jpg 200w\" sizes=\"auto, (max-width: 620px) 100vw, 620px\" \/><\/p>\n<p>&nbsp;<\/p>\n<p>&nbsp;<\/p>\n<p>&nbsp;<\/p>\n","protected":false},"excerpt":{"rendered":"<p>L\u2019alumnat de 3r d\u2019ESO ha participat en el Projecte \u00c8xodes: transitant fronteres visibles i invisibles. Un projecte de la C\u00e0tedra UNESCO de Di\u00e0leg Intercultural a la Mediterr\u00e0nia de la Universitat Rovira i Virgili. En l\u2019Estany d\u2019Ivars han viscut en primera persona el fet migratori i&hellip;  <a href=\"https:\/\/agora.xtec.cat\/instarragona\/eso\/eso-3\/projecte-exodes\/\" title=\"Read Projecte \u00c8xodes\">Llegeix m\u00e9s\u00bb<\/a><\/p>\n","protected":false},"author":1,"featured_media":4274,"comment_status":"open","ping_status":"closed","sticky":false,"template":"","format":"standard","meta":{"_bbp_topic_count":0,"_bbp_reply_count":0,"_bbp_total_topic_count":0,"_bbp_total_reply_count":0,"_bbp_voice_count":0,"_bbp_anonymous_reply_count":0,"_bbp_topic_count_hidden":0,"_bbp_reply_count_hidden":0,"_bbp_forum_subforum_count":0,"footnotes":""},"categories":[6,29],"tags":[39],"class_list":["post-4273","post","type-post","status-publish","format-standard","has-post-thumbnail","hentry","category-eso-3","category-portada","tag-sortides"],"post_mailing_queue_ids":[],"_links":{"self":[{"href":"https:\/\/agora.xtec.cat\/instarragona\/wp-json\/wp\/v2\/posts\/4273","targetHints":{"allow":["GET"]}}],"collection":[{"href":"https:\/\/agora.xtec.cat\/instarragona\/wp-json\/wp\/v2\/posts"}],"about":[{"href":"https:\/\/agora.xtec.cat\/instarragona\/wp-json\/wp\/v2\/types\/post"}],"author":[{"embeddable":true,"href":"https:\/\/agora.xtec.cat\/instarragona\/wp-json\/wp\/v2\/users\/1"}],"replies":[{"embeddable":true,"href":"https:\/\/agora.xtec.cat\/instarragona\/wp-json\/wp\/v2\/comments?post=4273"}],"version-history":[{"count":2,"href":"https:\/\/agora.xtec.cat\/instarragona\/wp-json\/wp\/v2\/posts\/4273\/revisions"}],"predecessor-version":[{"id":4278,"href":"https:\/\/agora.xtec.cat\/instarragona\/wp-json\/wp\/v2\/posts\/4273\/revisions\/4278"}],"wp:featuredmedia":[{"embeddable":true,"href":"https:\/\/agora.xtec.cat\/instarragona\/wp-json\/wp\/v2\/media\/4274"}],"wp:attachment":[{"href":"https:\/\/agora.xtec.cat\/instarragona\/wp-json\/wp\/v2\/media?parent=4273"}],"wp:term":[{"taxonomy":"category","embeddable":true,"href":"https:\/\/agora.xtec.cat\/instarragona\/wp-json\/wp\/v2\/categories?post=4273"},{"taxonomy":"post_tag","embeddable":true,"href":"https:\/\/agora.xtec.cat\/instarragona\/wp-json\/wp\/v2\/tags?post=4273"}],"curies":[{"name":"wp","href":"https:\/\/api.w.org\/{rel}","templated":true}]}}