{"id":4268,"date":"2023-05-15T11:57:22","date_gmt":"2023-05-15T09:57:22","guid":{"rendered":"https:\/\/agora.xtec.cat\/instarragona\/?p=4268"},"modified":"2023-05-15T11:57:22","modified_gmt":"2023-05-15T09:57:22","slug":"mines-de-bellmunt","status":"publish","type":"post","link":"https:\/\/agora.xtec.cat\/instarragona\/eso\/eso-4\/mines-de-bellmunt\/","title":{"rendered":"Mines de Bellmunt"},"content":{"rendered":"<p>Els alumnes de 4t d&#8217;ESO de Biologia i geologia han anat a visitar les<strong><a href=\"https:\/\/minesbellmunt.com\/\" target=\"_blank\" rel=\"noopener\"> mines de Bellmunt<\/a>. <\/strong>Una visita ideal que sempre val la pena.<\/p>\n<p>La <strong><a href=\"https:\/\/drive.google.com\/drive\/folders\/1Dsp5V3EHZ4J5zcgVElmclxCqmcpN45Df?usp=share_link\" target=\"_blank\" rel=\"noopener\">visita<\/a><\/strong> guiada a la primera planta de la Mina Eug\u00e8nia, els 35 m de profunditat i els 700 metres de recorregut per les galeries, ideal per observar les caracter\u00edstiques geomorfol\u00f2giques del jaciment i el proc\u00e9s d\u2019extracci\u00f3 del mineral.<\/p>\n<p><img loading=\"lazy\" decoding=\"async\" class=\"aligncenter size-full wp-image-4270\" src=\"https:\/\/agora.xtec.cat\/instarragona\/wp-content\/uploads\/usu484\/2023\/05\/Captura-7.jpg\" alt=\"\" width=\"633\" height=\"827\" srcset=\"https:\/\/agora.xtec.cat\/instarragona\/wp-content\/uploads\/usu484\/2023\/05\/Captura-7.jpg 633w, https:\/\/agora.xtec.cat\/instarragona\/wp-content\/uploads\/usu484\/2023\/05\/Captura-7-230x300.jpg 230w\" sizes=\"auto, (max-width: 633px) 100vw, 633px\" \/><\/p>\n<p>&nbsp;<\/p>\n<p><img loading=\"lazy\" decoding=\"async\" class=\"aligncenter size-full wp-image-4271\" src=\"https:\/\/agora.xtec.cat\/instarragona\/wp-content\/uploads\/usu484\/2023\/05\/Captura-8.jpg\" alt=\"\" width=\"608\" height=\"724\" srcset=\"https:\/\/agora.xtec.cat\/instarragona\/wp-content\/uploads\/usu484\/2023\/05\/Captura-8.jpg 608w, https:\/\/agora.xtec.cat\/instarragona\/wp-content\/uploads\/usu484\/2023\/05\/Captura-8-252x300.jpg 252w\" sizes=\"auto, (max-width: 608px) 100vw, 608px\" \/><\/p>\n<p>&nbsp;<\/p>\n","protected":false},"excerpt":{"rendered":"<p>Els alumnes de 4t d&#8217;ESO de Biologia i geologia han anat a visitar les<a href=\"https:\/\/minesbellmunt.com\/\" target=\"_blank\" rel=\"noopener\"> mines de Bellmunt<\/a>. Una visita ideal que sempre val la pena.<br \/>\nLa <a href=\"https:\/\/drive.google.com\/drive\/folders\/1Dsp5V3EHZ4J5zcgVElmclxCqmcpN45Df?usp=share_link\" target=\"_blank\" rel=\"noopener\">visita<\/a> guiada a la primera planta de la Mina Eug\u00e8nia, els 35 m de&hellip;  <a href=\"https:\/\/agora.xtec.cat\/instarragona\/eso\/eso-4\/mines-de-bellmunt\/\" title=\"Read Mines de Bellmunt\">Llegeix m\u00e9s\u00bb<\/a><\/p>\n","protected":false},"author":1,"featured_media":4269,"comment_status":"open","ping_status":"closed","sticky":false,"template":"","format":"standard","meta":{"_bbp_topic_count":0,"_bbp_reply_count":0,"_bbp_total_topic_count":0,"_bbp_total_reply_count":0,"_bbp_voice_count":0,"_bbp_anonymous_reply_count":0,"_bbp_topic_count_hidden":0,"_bbp_reply_count_hidden":0,"_bbp_forum_subforum_count":0,"footnotes":""},"categories":[7,29],"tags":[116,39],"class_list":["post-4268","post","type-post","status-publish","format-standard","has-post-thumbnail","hentry","category-eso-4","category-portada","tag-ciencies","tag-sortides"],"post_mailing_queue_ids":[],"_links":{"self":[{"href":"https:\/\/agora.xtec.cat\/instarragona\/wp-json\/wp\/v2\/posts\/4268","targetHints":{"allow":["GET"]}}],"collection":[{"href":"https:\/\/agora.xtec.cat\/instarragona\/wp-json\/wp\/v2\/posts"}],"about":[{"href":"https:\/\/agora.xtec.cat\/instarragona\/wp-json\/wp\/v2\/types\/post"}],"author":[{"embeddable":true,"href":"https:\/\/agora.xtec.cat\/instarragona\/wp-json\/wp\/v2\/users\/1"}],"replies":[{"embeddable":true,"href":"https:\/\/agora.xtec.cat\/instarragona\/wp-json\/wp\/v2\/comments?post=4268"}],"version-history":[{"count":1,"href":"https:\/\/agora.xtec.cat\/instarragona\/wp-json\/wp\/v2\/posts\/4268\/revisions"}],"predecessor-version":[{"id":4272,"href":"https:\/\/agora.xtec.cat\/instarragona\/wp-json\/wp\/v2\/posts\/4268\/revisions\/4272"}],"wp:featuredmedia":[{"embeddable":true,"href":"https:\/\/agora.xtec.cat\/instarragona\/wp-json\/wp\/v2\/media\/4269"}],"wp:attachment":[{"href":"https:\/\/agora.xtec.cat\/instarragona\/wp-json\/wp\/v2\/media?parent=4268"}],"wp:term":[{"taxonomy":"category","embeddable":true,"href":"https:\/\/agora.xtec.cat\/instarragona\/wp-json\/wp\/v2\/categories?post=4268"},{"taxonomy":"post_tag","embeddable":true,"href":"https:\/\/agora.xtec.cat\/instarragona\/wp-json\/wp\/v2\/tags?post=4268"}],"curies":[{"name":"wp","href":"https:\/\/api.w.org\/{rel}","templated":true}]}}