{"id":4257,"date":"2023-05-15T09:06:46","date_gmt":"2023-05-15T07:06:46","guid":{"rendered":"https:\/\/agora.xtec.cat\/instarragona\/?p=4257"},"modified":"2023-05-15T09:06:55","modified_gmt":"2023-05-15T07:06:55","slug":"taller-de-musica-i-so","status":"publish","type":"post","link":"https:\/\/agora.xtec.cat\/instarragona\/batxillerat\/taller-de-musica-i-so\/","title":{"rendered":"Taller de m\u00fasica i so"},"content":{"rendered":"<p>L\u2019alumnat de 2n de Batxillerat que cursa F\u00edsica va assistir al CaixaF\u00f2rum per realitzar el taller de so i ac\u00fastica. A trav\u00e9s d&#8217;experiments\u00a0 van aprendre molt\u00edssimes coses sobre els sons. Quines difer\u00e8ncies hi ha entre un so i un altre? Tots sentim els mateixos sons? El so pot moure coses? Entendre conceptes com ara la longitud d&#8217;ona, els ultrasons, el volum, la freq\u00fc\u00e8ncia, el timbre o la resson\u00e0ncia no \u00e9s f\u00e0cil i el taller ajuda.<\/p>\n<p><img loading=\"lazy\" decoding=\"async\" class=\"aligncenter size-full wp-image-4259\" src=\"https:\/\/agora.xtec.cat\/instarragona\/wp-content\/uploads\/usu484\/2023\/05\/Captura-4.jpg\" alt=\"\" width=\"632\" height=\"434\" srcset=\"https:\/\/agora.xtec.cat\/instarragona\/wp-content\/uploads\/usu484\/2023\/05\/Captura-4.jpg 632w, https:\/\/agora.xtec.cat\/instarragona\/wp-content\/uploads\/usu484\/2023\/05\/Captura-4-300x206.jpg 300w\" sizes=\"auto, (max-width: 632px) 100vw, 632px\" \/><\/p>\n<p>&nbsp;<\/p>\n<p><img loading=\"lazy\" decoding=\"async\" class=\"aligncenter size-full wp-image-4260\" src=\"https:\/\/agora.xtec.cat\/instarragona\/wp-content\/uploads\/usu484\/2023\/05\/2-1.jpg\" alt=\"\" width=\"607\" height=\"360\" srcset=\"https:\/\/agora.xtec.cat\/instarragona\/wp-content\/uploads\/usu484\/2023\/05\/2-1.jpg 607w, https:\/\/agora.xtec.cat\/instarragona\/wp-content\/uploads\/usu484\/2023\/05\/2-1-300x178.jpg 300w\" sizes=\"auto, (max-width: 607px) 100vw, 607px\" \/><\/p>\n<p>&nbsp;<\/p>\n<p>&nbsp;<\/p>\n","protected":false},"excerpt":{"rendered":"<p>L\u2019alumnat de 2n de Batxillerat que cursa F\u00edsica va assistir al CaixaF\u00f2rum per realitzar el taller de so i ac\u00fastica. A trav\u00e9s d&#8217;experiments\u00a0 van aprendre molt\u00edssimes coses sobre els sons. Quines difer\u00e8ncies hi ha entre un so i un altre? Tots sentim els mateixos sons?&hellip;  <a href=\"https:\/\/agora.xtec.cat\/instarragona\/batxillerat\/taller-de-musica-i-so\/\" title=\"Read Taller de m\u00fasica i so\">Llegeix m\u00e9s\u00bb<\/a><\/p>\n","protected":false},"author":1,"featured_media":4260,"comment_status":"open","ping_status":"closed","sticky":false,"template":"","format":"standard","meta":{"_bbp_topic_count":0,"_bbp_reply_count":0,"_bbp_total_topic_count":0,"_bbp_total_reply_count":0,"_bbp_voice_count":0,"_bbp_anonymous_reply_count":0,"_bbp_topic_count_hidden":0,"_bbp_reply_count_hidden":0,"_bbp_forum_subforum_count":0,"footnotes":""},"categories":[8,29],"tags":[116,58],"class_list":["post-4257","post","type-post","status-publish","format-standard","has-post-thumbnail","hentry","category-batxillerat","category-portada","tag-ciencies","tag-tallers"],"post_mailing_queue_ids":[],"_links":{"self":[{"href":"https:\/\/agora.xtec.cat\/instarragona\/wp-json\/wp\/v2\/posts\/4257","targetHints":{"allow":["GET"]}}],"collection":[{"href":"https:\/\/agora.xtec.cat\/instarragona\/wp-json\/wp\/v2\/posts"}],"about":[{"href":"https:\/\/agora.xtec.cat\/instarragona\/wp-json\/wp\/v2\/types\/post"}],"author":[{"embeddable":true,"href":"https:\/\/agora.xtec.cat\/instarragona\/wp-json\/wp\/v2\/users\/1"}],"replies":[{"embeddable":true,"href":"https:\/\/agora.xtec.cat\/instarragona\/wp-json\/wp\/v2\/comments?post=4257"}],"version-history":[{"count":1,"href":"https:\/\/agora.xtec.cat\/instarragona\/wp-json\/wp\/v2\/posts\/4257\/revisions"}],"predecessor-version":[{"id":4261,"href":"https:\/\/agora.xtec.cat\/instarragona\/wp-json\/wp\/v2\/posts\/4257\/revisions\/4261"}],"wp:featuredmedia":[{"embeddable":true,"href":"https:\/\/agora.xtec.cat\/instarragona\/wp-json\/wp\/v2\/media\/4260"}],"wp:attachment":[{"href":"https:\/\/agora.xtec.cat\/instarragona\/wp-json\/wp\/v2\/media?parent=4257"}],"wp:term":[{"taxonomy":"category","embeddable":true,"href":"https:\/\/agora.xtec.cat\/instarragona\/wp-json\/wp\/v2\/categories?post=4257"},{"taxonomy":"post_tag","embeddable":true,"href":"https:\/\/agora.xtec.cat\/instarragona\/wp-json\/wp\/v2\/tags?post=4257"}],"curies":[{"name":"wp","href":"https:\/\/api.w.org\/{rel}","templated":true}]}}