{"id":4244,"date":"2023-05-15T08:32:06","date_gmt":"2023-05-15T06:32:06","guid":{"rendered":"https:\/\/agora.xtec.cat\/instarragona\/?p=4244"},"modified":"2023-05-15T08:32:25","modified_gmt":"2023-05-15T06:32:25","slug":"som-arqueolegs","status":"publish","type":"post","link":"https:\/\/agora.xtec.cat\/instarragona\/eso\/eso-1\/som-arqueolegs\/","title":{"rendered":"Som arque\u00f2legs!"},"content":{"rendered":"<p>Ara fa uns dies vam anar a les <strong><a href=\"https:\/\/covesdelespluga.info\/\" target=\"_blank\" rel=\"noopener\">coves de l\u2019Espluga de Francol\u00ed<\/a><\/strong> i vam realitzar el Taller d\u2019Arqueologia amb l&#8217;alumnat de 1r d&#8217;ESO.<\/p>\n<p>En una excavaci\u00f3 simulada, situada a l\u2019interior d\u2019una cabana els alumnes van poder palpar les eines que fan servir els arque\u00f2legs, van con\u00e8ixer les t\u00e8cniques d\u2019excavaci\u00f3 i d\u2019interpretaci\u00f3. Analitzar, datar i reconstruir no \u00e9s una tasca gens f\u00e0cil!<\/p>\n<p>&nbsp;<\/p>\n<p><img loading=\"lazy\" decoding=\"async\" class=\"aligncenter size-full wp-image-4245\" src=\"https:\/\/agora.xtec.cat\/instarragona\/wp-content\/uploads\/usu484\/2023\/05\/22.jpg\" alt=\"\" width=\"1002\" height=\"671\" srcset=\"https:\/\/agora.xtec.cat\/instarragona\/wp-content\/uploads\/usu484\/2023\/05\/22.jpg 1002w, https:\/\/agora.xtec.cat\/instarragona\/wp-content\/uploads\/usu484\/2023\/05\/22-300x201.jpg 300w, https:\/\/agora.xtec.cat\/instarragona\/wp-content\/uploads\/usu484\/2023\/05\/22-768x514.jpg 768w\" sizes=\"auto, (max-width: 1002px) 100vw, 1002px\" \/><\/p>\n<p>&nbsp;<\/p>\n<p><img loading=\"lazy\" decoding=\"async\" class=\"aligncenter size-full wp-image-4246\" src=\"https:\/\/agora.xtec.cat\/instarragona\/wp-content\/uploads\/usu484\/2023\/05\/Captura.jpg\" alt=\"\" width=\"1008\" height=\"710\" srcset=\"https:\/\/agora.xtec.cat\/instarragona\/wp-content\/uploads\/usu484\/2023\/05\/Captura.jpg 1008w, https:\/\/agora.xtec.cat\/instarragona\/wp-content\/uploads\/usu484\/2023\/05\/Captura-300x211.jpg 300w, https:\/\/agora.xtec.cat\/instarragona\/wp-content\/uploads\/usu484\/2023\/05\/Captura-768x541.jpg 768w\" sizes=\"auto, (max-width: 1008px) 100vw, 1008px\" \/><\/p>\n<p>M\u00e9s <strong><a href=\"https:\/\/drive.google.com\/drive\/folders\/1MpnOjuEEB2hX2ofq64_866_Xhs6l8Jje?usp=share_link\" target=\"_blank\" rel=\"noopener\">fotos<\/a><\/strong> de la sortida.<\/p>\n","protected":false},"excerpt":{"rendered":"<p>Ara fa uns dies vam anar a les <a href=\"https:\/\/covesdelespluga.info\/\" target=\"_blank\" rel=\"noopener\">coves de l\u2019Espluga de Francol\u00ed<\/a> i vam realitzar el Taller d\u2019Arqueologia amb l&#8217;alumnat de 1r d&#8217;ESO.<br \/>\nEn una excavaci\u00f3 simulada, situada a l\u2019interior d\u2019una cabana els alumnes van poder palpar les eines que fan servir&hellip;  <a href=\"https:\/\/agora.xtec.cat\/instarragona\/eso\/eso-1\/som-arqueolegs\/\" title=\"Read Som arque\u00f2legs!\">Llegeix m\u00e9s\u00bb<\/a><\/p>\n","protected":false},"author":1,"featured_media":4245,"comment_status":"open","ping_status":"closed","sticky":false,"template":"","format":"standard","meta":{"_bbp_topic_count":0,"_bbp_reply_count":0,"_bbp_total_topic_count":0,"_bbp_total_reply_count":0,"_bbp_voice_count":0,"_bbp_anonymous_reply_count":0,"_bbp_topic_count_hidden":0,"_bbp_reply_count_hidden":0,"_bbp_forum_subforum_count":0,"footnotes":""},"categories":[4,29],"tags":[120,39],"class_list":["post-4244","post","type-post","status-publish","format-standard","has-post-thumbnail","hentry","category-eso-1","category-portada","tag-socials","tag-sortides"],"post_mailing_queue_ids":[],"_links":{"self":[{"href":"https:\/\/agora.xtec.cat\/instarragona\/wp-json\/wp\/v2\/posts\/4244","targetHints":{"allow":["GET"]}}],"collection":[{"href":"https:\/\/agora.xtec.cat\/instarragona\/wp-json\/wp\/v2\/posts"}],"about":[{"href":"https:\/\/agora.xtec.cat\/instarragona\/wp-json\/wp\/v2\/types\/post"}],"author":[{"embeddable":true,"href":"https:\/\/agora.xtec.cat\/instarragona\/wp-json\/wp\/v2\/users\/1"}],"replies":[{"embeddable":true,"href":"https:\/\/agora.xtec.cat\/instarragona\/wp-json\/wp\/v2\/comments?post=4244"}],"version-history":[{"count":1,"href":"https:\/\/agora.xtec.cat\/instarragona\/wp-json\/wp\/v2\/posts\/4244\/revisions"}],"predecessor-version":[{"id":4247,"href":"https:\/\/agora.xtec.cat\/instarragona\/wp-json\/wp\/v2\/posts\/4244\/revisions\/4247"}],"wp:featuredmedia":[{"embeddable":true,"href":"https:\/\/agora.xtec.cat\/instarragona\/wp-json\/wp\/v2\/media\/4245"}],"wp:attachment":[{"href":"https:\/\/agora.xtec.cat\/instarragona\/wp-json\/wp\/v2\/media?parent=4244"}],"wp:term":[{"taxonomy":"category","embeddable":true,"href":"https:\/\/agora.xtec.cat\/instarragona\/wp-json\/wp\/v2\/categories?post=4244"},{"taxonomy":"post_tag","embeddable":true,"href":"https:\/\/agora.xtec.cat\/instarragona\/wp-json\/wp\/v2\/tags?post=4244"}],"curies":[{"name":"wp","href":"https:\/\/api.w.org\/{rel}","templated":true}]}}