{"id":4229,"date":"2023-04-28T12:31:03","date_gmt":"2023-04-28T10:31:03","guid":{"rendered":"https:\/\/agora.xtec.cat\/instarragona\/?p=4229"},"modified":"2023-04-28T12:32:22","modified_gmt":"2023-04-28T10:32:22","slug":"interpretacio-poetica-2","status":"publish","type":"post","link":"https:\/\/agora.xtec.cat\/instarragona\/eso\/eso-3\/interpretacio-poetica-2\/","title":{"rendered":"Interpretaci\u00f3 po\u00e8tica"},"content":{"rendered":"<p>En aquest <strong><a href=\"https:\/\/drive.google.com\/drive\/folders\/1eLOWV5IPnrljrzUDEbf5pIzvpGb2R-vd?usp=share_link\" target=\"_blank\" rel=\"noopener\">taller<\/a><\/strong> realitzat a CaixaF\u00f2rum, els nostres alumnes de 3r d&#8217;ESO van sentir la m\u00fasica dins del poema, i \u00e9s que amb el to de veu, el gest dels versos&#8230; vam sentir que les paraules transmetre&#8217;n emocions i sentiments quan les interpretem subjectes a una dicci\u00f3, a una puntuaci\u00f3 i a un ritme.<\/p>\n<p>La veritat \u00e9s que ens ho vam passar mooooooolt b\u00e9! \ud83c\udfad<\/p>\n<p><img loading=\"lazy\" decoding=\"async\" class=\"aligncenter size-full wp-image-4230\" src=\"https:\/\/agora.xtec.cat\/instarragona\/wp-content\/uploads\/usu484\/2023\/04\/2.jpg\" alt=\"\" width=\"1076\" height=\"544\" srcset=\"https:\/\/agora.xtec.cat\/instarragona\/wp-content\/uploads\/usu484\/2023\/04\/2.jpg 1076w, https:\/\/agora.xtec.cat\/instarragona\/wp-content\/uploads\/usu484\/2023\/04\/2-300x152.jpg 300w, https:\/\/agora.xtec.cat\/instarragona\/wp-content\/uploads\/usu484\/2023\/04\/2-1024x518.jpg 1024w, https:\/\/agora.xtec.cat\/instarragona\/wp-content\/uploads\/usu484\/2023\/04\/2-768x388.jpg 768w\" sizes=\"auto, (max-width: 1076px) 100vw, 1076px\" \/><\/p>\n<p>&nbsp;<\/p>\n","protected":false},"excerpt":{"rendered":"<p>En aquest <a href=\"https:\/\/drive.google.com\/drive\/folders\/1eLOWV5IPnrljrzUDEbf5pIzvpGb2R-vd?usp=share_link\" target=\"_blank\" rel=\"noopener\">taller<\/a> realitzat a CaixaF\u00f2rum, els nostres alumnes de 3r d&#8217;ESO van sentir la m\u00fasica dins del poema, i \u00e9s que amb el to de veu, el gest dels versos&#8230; vam sentir que les paraules transmetre&#8217;n emocions i sentiments quan les&hellip;  <a href=\"https:\/\/agora.xtec.cat\/instarragona\/eso\/eso-3\/interpretacio-poetica-2\/\" title=\"Read Interpretaci\u00f3 po\u00e8tica\">Llegeix m\u00e9s\u00bb<\/a><\/p>\n","protected":false},"author":1,"featured_media":4231,"comment_status":"open","ping_status":"closed","sticky":false,"template":"","format":"standard","meta":{"_bbp_topic_count":0,"_bbp_reply_count":0,"_bbp_total_topic_count":0,"_bbp_total_reply_count":0,"_bbp_voice_count":0,"_bbp_anonymous_reply_count":0,"_bbp_topic_count_hidden":0,"_bbp_reply_count_hidden":0,"_bbp_forum_subforum_count":0,"footnotes":""},"categories":[6,29],"tags":[],"class_list":["post-4229","post","type-post","status-publish","format-standard","has-post-thumbnail","hentry","category-eso-3","category-portada"],"post_mailing_queue_ids":[],"_links":{"self":[{"href":"https:\/\/agora.xtec.cat\/instarragona\/wp-json\/wp\/v2\/posts\/4229","targetHints":{"allow":["GET"]}}],"collection":[{"href":"https:\/\/agora.xtec.cat\/instarragona\/wp-json\/wp\/v2\/posts"}],"about":[{"href":"https:\/\/agora.xtec.cat\/instarragona\/wp-json\/wp\/v2\/types\/post"}],"author":[{"embeddable":true,"href":"https:\/\/agora.xtec.cat\/instarragona\/wp-json\/wp\/v2\/users\/1"}],"replies":[{"embeddable":true,"href":"https:\/\/agora.xtec.cat\/instarragona\/wp-json\/wp\/v2\/comments?post=4229"}],"version-history":[{"count":2,"href":"https:\/\/agora.xtec.cat\/instarragona\/wp-json\/wp\/v2\/posts\/4229\/revisions"}],"predecessor-version":[{"id":4233,"href":"https:\/\/agora.xtec.cat\/instarragona\/wp-json\/wp\/v2\/posts\/4229\/revisions\/4233"}],"wp:featuredmedia":[{"embeddable":true,"href":"https:\/\/agora.xtec.cat\/instarragona\/wp-json\/wp\/v2\/media\/4231"}],"wp:attachment":[{"href":"https:\/\/agora.xtec.cat\/instarragona\/wp-json\/wp\/v2\/media?parent=4229"}],"wp:term":[{"taxonomy":"category","embeddable":true,"href":"https:\/\/agora.xtec.cat\/instarragona\/wp-json\/wp\/v2\/categories?post=4229"},{"taxonomy":"post_tag","embeddable":true,"href":"https:\/\/agora.xtec.cat\/instarragona\/wp-json\/wp\/v2\/tags?post=4229"}],"curies":[{"name":"wp","href":"https:\/\/api.w.org\/{rel}","templated":true}]}}