{"id":4224,"date":"2023-04-28T12:21:27","date_gmt":"2023-04-28T10:21:27","guid":{"rendered":"https:\/\/agora.xtec.cat\/instarragona\/?p=4224"},"modified":"2023-04-28T12:21:45","modified_gmt":"2023-04-28T10:21:45","slug":"camins","status":"publish","type":"post","link":"https:\/\/agora.xtec.cat\/instarragona\/eso\/eso-4\/camins\/","title":{"rendered":"Camins"},"content":{"rendered":"<p>Al Recinte Firal del Palau de Congressos de Tarragona s&#8217;hi ha celebrat la fira de formaci\u00f3 professional Camins d&#8217;FP, la fira que mostra l&#8217;\u00e0mplia oferta de formaci\u00f3 professional de les comarques de Tarragona.<\/p>\n<p>Alguns dels nostres alumnes hi estaven interessats i hi hem anat.\u00a0L&#8217;activitat encaixa dins del programa d&#8217;orientaci\u00f3 educativa i professional que es realitza a l&#8217;institut.<\/p>\n<p><img loading=\"lazy\" decoding=\"async\" class=\"aligncenter size-full wp-image-4226\" src=\"https:\/\/agora.xtec.cat\/instarragona\/wp-content\/uploads\/usu484\/2023\/04\/Captura-15.jpg\" alt=\"\" width=\"612\" height=\"754\" srcset=\"https:\/\/agora.xtec.cat\/instarragona\/wp-content\/uploads\/usu484\/2023\/04\/Captura-15.jpg 612w, https:\/\/agora.xtec.cat\/instarragona\/wp-content\/uploads\/usu484\/2023\/04\/Captura-15-244x300.jpg 244w\" sizes=\"auto, (max-width: 612px) 100vw, 612px\" \/><\/p>\n<p><a href=\"https:\/\/www.tarragona.cat\/tarragonaimpulsa\/agenda\/2023\/fira-camins-2023\" target=\"_blank\" rel=\"noopener\"><img loading=\"lazy\" decoding=\"async\" class=\"aligncenter wp-image-4227 size-full\" src=\"https:\/\/agora.xtec.cat\/instarragona\/wp-content\/uploads\/usu484\/2023\/04\/Captura-16.jpg\" alt=\"\" width=\"522\" height=\"170\" srcset=\"https:\/\/agora.xtec.cat\/instarragona\/wp-content\/uploads\/usu484\/2023\/04\/Captura-16.jpg 522w, https:\/\/agora.xtec.cat\/instarragona\/wp-content\/uploads\/usu484\/2023\/04\/Captura-16-300x98.jpg 300w\" sizes=\"auto, (max-width: 522px) 100vw, 522px\" \/><\/a><\/p>\n","protected":false},"excerpt":{"rendered":"<p>Al Recinte Firal del Palau de Congressos de Tarragona s&#8217;hi ha celebrat la fira de formaci\u00f3 professional Camins d&#8217;FP, la fira que mostra l&#8217;\u00e0mplia oferta de formaci\u00f3 professional de les comarques de Tarragona.<br \/>\nAlguns dels nostres alumnes hi estaven interessats i hi hem anat.\u00a0L&#8217;activitat encaixa dins&hellip;  <a href=\"https:\/\/agora.xtec.cat\/instarragona\/eso\/eso-4\/camins\/\" title=\"Read Camins\">Llegeix m\u00e9s\u00bb<\/a><\/p>\n","protected":false},"author":1,"featured_media":4225,"comment_status":"open","ping_status":"closed","sticky":false,"template":"","format":"standard","meta":{"_bbp_topic_count":0,"_bbp_reply_count":0,"_bbp_total_topic_count":0,"_bbp_total_reply_count":0,"_bbp_voice_count":0,"_bbp_anonymous_reply_count":0,"_bbp_topic_count_hidden":0,"_bbp_reply_count_hidden":0,"_bbp_forum_subforum_count":0,"footnotes":""},"categories":[7,29],"tags":[102],"class_list":["post-4224","post","type-post","status-publish","format-standard","has-post-thumbnail","hentry","category-eso-4","category-portada","tag-orientacio"],"post_mailing_queue_ids":[],"_links":{"self":[{"href":"https:\/\/agora.xtec.cat\/instarragona\/wp-json\/wp\/v2\/posts\/4224","targetHints":{"allow":["GET"]}}],"collection":[{"href":"https:\/\/agora.xtec.cat\/instarragona\/wp-json\/wp\/v2\/posts"}],"about":[{"href":"https:\/\/agora.xtec.cat\/instarragona\/wp-json\/wp\/v2\/types\/post"}],"author":[{"embeddable":true,"href":"https:\/\/agora.xtec.cat\/instarragona\/wp-json\/wp\/v2\/users\/1"}],"replies":[{"embeddable":true,"href":"https:\/\/agora.xtec.cat\/instarragona\/wp-json\/wp\/v2\/comments?post=4224"}],"version-history":[{"count":1,"href":"https:\/\/agora.xtec.cat\/instarragona\/wp-json\/wp\/v2\/posts\/4224\/revisions"}],"predecessor-version":[{"id":4228,"href":"https:\/\/agora.xtec.cat\/instarragona\/wp-json\/wp\/v2\/posts\/4224\/revisions\/4228"}],"wp:featuredmedia":[{"embeddable":true,"href":"https:\/\/agora.xtec.cat\/instarragona\/wp-json\/wp\/v2\/media\/4225"}],"wp:attachment":[{"href":"https:\/\/agora.xtec.cat\/instarragona\/wp-json\/wp\/v2\/media?parent=4224"}],"wp:term":[{"taxonomy":"category","embeddable":true,"href":"https:\/\/agora.xtec.cat\/instarragona\/wp-json\/wp\/v2\/categories?post=4224"},{"taxonomy":"post_tag","embeddable":true,"href":"https:\/\/agora.xtec.cat\/instarragona\/wp-json\/wp\/v2\/tags?post=4224"}],"curies":[{"name":"wp","href":"https:\/\/api.w.org\/{rel}","templated":true}]}}