{"id":4190,"date":"2023-05-15T08:56:24","date_gmt":"2023-05-15T06:56:24","guid":{"rendered":"https:\/\/agora.xtec.cat\/instarragona\/?p=4190"},"modified":"2023-05-15T08:57:41","modified_gmt":"2023-05-15T06:57:41","slug":"projecte-dinnovacio-a-la-platja","status":"publish","type":"post","link":"https:\/\/agora.xtec.cat\/instarragona\/eso\/eso-4\/projecte-dinnovacio-a-la-platja\/","title":{"rendered":"Projecte d&#8217;innovaci\u00f3 a la platja"},"content":{"rendered":"<p>Dins del projecte d&#8217;innovaci\u00f3 de 4t d&#8217;ESO hem anat a la platja. All\u00e0 hem tingut l&#8217;oportunitat d&#8217;escoltar la xerrada d&#8217;en Ferran Aguilar, expert naturista en la tortuga babaua a les nostres costes i l&#8217;efecte de la pressi\u00f3 humana i el canvi clim\u00e0tic en el litoral mediterrani.<\/p>\n<p>Per m\u00e9s informaci\u00f3 aqu\u00ed teniu el seu llibre <strong><a href=\"https:\/\/www.calameo.com\/books\/000471134ba4d5a286de8\" target=\"_blank\" rel=\"noreferrer noopener\">\u2018La tortuga marina de La Pineda<\/a><\/strong>\u2018 .<\/p>\n<div style=\"text-align: center;\">\n<div style=\"margin: 8px 0px 4px;\"><\/div>\n<p><iframe loading=\"lazy\" style=\"margin: 0 auto;\" src=\"\/\/v.calameo.com\/?bkcode=000471134ba4d5a286de8&amp;mode=mini\" width=\"480\" height=\"300\" frameborder=\"0\" scrolling=\"no\" allowfullscreen=\"allowfullscreen\"><\/iframe><\/p>\n<div style=\"margin: 4px 0px 8px;\"><span style=\"font-family: inherit; font-size: 1em;\">\u00a0<\/span><\/div>\n<\/div>\n<p>A m\u00e9s a m\u00e9s, en el Diving Center ens ha explicat en quins projectes treballen actualment per tal de mirar de conservar i millorar les nostres costes. Molt interessant! Val la pena estar al cas de les coses que es fan a la nostra ciutat i que a vegades passen desapercebudes. A banda de ser un centre de busseig, porten a terme incre\u00efbles projectes ambientals. Ah! i si desitgeu podeu fer de voluntaris per recollir esqueixos de posid\u00f2nia per ajudar a regenerar el nostre fons mar\u00ed. \u00c9s una proposta excel\u00b7lent pel manteniment de les nostres costes!<\/p>\n<table style=\"border-collapse: collapse; width: 100%;\">\n<tbody>\n<tr>\n<td style=\"width: 33.3333%;\"><img loading=\"lazy\" decoding=\"async\" class=\"aligncenter size-full wp-image-4253\" src=\"https:\/\/agora.xtec.cat\/instarragona\/wp-content\/uploads\/usu484\/2023\/05\/Captura-2.jpg\" alt=\"\" width=\"1536\" height=\"827\" srcset=\"https:\/\/agora.xtec.cat\/instarragona\/wp-content\/uploads\/usu484\/2023\/05\/Captura-2.jpg 1536w, https:\/\/agora.xtec.cat\/instarragona\/wp-content\/uploads\/usu484\/2023\/05\/Captura-2-300x162.jpg 300w, https:\/\/agora.xtec.cat\/instarragona\/wp-content\/uploads\/usu484\/2023\/05\/Captura-2-1024x551.jpg 1024w, https:\/\/agora.xtec.cat\/instarragona\/wp-content\/uploads\/usu484\/2023\/05\/Captura-2-768x414.jpg 768w\" sizes=\"auto, (max-width: 1536px) 100vw, 1536px\" \/><\/td>\n<td style=\"width: 33.3333%;\"><img loading=\"lazy\" decoding=\"async\" class=\"aligncenter size-full wp-image-4250\" src=\"https:\/\/agora.xtec.cat\/instarragona\/wp-content\/uploads\/usu484\/2023\/05\/Captura-1.jpg\" alt=\"\" width=\"916\" height=\"696\" srcset=\"https:\/\/agora.xtec.cat\/instarragona\/wp-content\/uploads\/usu484\/2023\/05\/Captura-1.jpg 916w, https:\/\/agora.xtec.cat\/instarragona\/wp-content\/uploads\/usu484\/2023\/05\/Captura-1-300x228.jpg 300w, https:\/\/agora.xtec.cat\/instarragona\/wp-content\/uploads\/usu484\/2023\/05\/Captura-1-768x584.jpg 768w\" sizes=\"auto, (max-width: 916px) 100vw, 916px\" \/><\/td>\n<td style=\"width: 33.3333%;\"><img loading=\"lazy\" decoding=\"async\" class=\"aligncenter size-full wp-image-4251\" src=\"https:\/\/agora.xtec.cat\/instarragona\/wp-content\/uploads\/usu484\/2023\/05\/7.jpg\" alt=\"\" width=\"1075\" height=\"825\" srcset=\"https:\/\/agora.xtec.cat\/instarragona\/wp-content\/uploads\/usu484\/2023\/05\/7.jpg 1075w, https:\/\/agora.xtec.cat\/instarragona\/wp-content\/uploads\/usu484\/2023\/05\/7-300x230.jpg 300w, https:\/\/agora.xtec.cat\/instarragona\/wp-content\/uploads\/usu484\/2023\/05\/7-1024x786.jpg 1024w, https:\/\/agora.xtec.cat\/instarragona\/wp-content\/uploads\/usu484\/2023\/05\/7-768x589.jpg 768w\" sizes=\"auto, (max-width: 1075px) 100vw, 1075px\" \/><\/td>\n<\/tr>\n<tr>\n<td style=\"width: 33.3333%;\"><img loading=\"lazy\" decoding=\"async\" class=\"aligncenter size-full wp-image-4252\" src=\"https:\/\/agora.xtec.cat\/instarragona\/wp-content\/uploads\/usu484\/2023\/05\/4.jpg\" alt=\"\" width=\"1014\" height=\"779\" srcset=\"https:\/\/agora.xtec.cat\/instarragona\/wp-content\/uploads\/usu484\/2023\/05\/4.jpg 1014w, https:\/\/agora.xtec.cat\/instarragona\/wp-content\/uploads\/usu484\/2023\/05\/4-300x230.jpg 300w, https:\/\/agora.xtec.cat\/instarragona\/wp-content\/uploads\/usu484\/2023\/05\/4-768x590.jpg 768w\" sizes=\"auto, (max-width: 1014px) 100vw, 1014px\" \/><\/td>\n<td style=\"width: 33.3333%;\"><img loading=\"lazy\" decoding=\"async\" class=\"aligncenter size-full wp-image-4249\" src=\"https:\/\/agora.xtec.cat\/instarragona\/wp-content\/uploads\/usu484\/2023\/05\/2.jpg\" alt=\"\" width=\"838\" height=\"789\" srcset=\"https:\/\/agora.xtec.cat\/instarragona\/wp-content\/uploads\/usu484\/2023\/05\/2.jpg 838w, https:\/\/agora.xtec.cat\/instarragona\/wp-content\/uploads\/usu484\/2023\/05\/2-300x282.jpg 300w, https:\/\/agora.xtec.cat\/instarragona\/wp-content\/uploads\/usu484\/2023\/05\/2-768x723.jpg 768w\" sizes=\"auto, (max-width: 838px) 100vw, 838px\" \/><\/td>\n<td style=\"width: 33.3333%;\"><img loading=\"lazy\" decoding=\"async\" class=\"aligncenter wp-image-4255\" src=\"https:\/\/agora.xtec.cat\/instarragona\/wp-content\/uploads\/usu484\/2023\/05\/3.jpg\" alt=\"\" width=\"280\" height=\"584\" srcset=\"https:\/\/agora.xtec.cat\/instarragona\/wp-content\/uploads\/usu484\/2023\/05\/3.jpg 400w, https:\/\/agora.xtec.cat\/instarragona\/wp-content\/uploads\/usu484\/2023\/05\/3-144x300.jpg 144w\" sizes=\"auto, (max-width: 280px) 100vw, 280px\" \/><\/td>\n<\/tr>\n<\/tbody>\n<\/table>\n<p><a href=\"https:\/\/drive.google.com\/drive\/folders\/1nZ0NKUYgUerdSEPxbvzR81DLM2lqkgSv?usp=share_link\" target=\"_blank\" rel=\"noopener\"><strong>Imatges<\/strong> <\/a>de la sortida.<\/p>\n<p>&nbsp;<\/p>\n","protected":false},"excerpt":{"rendered":"<p>Dins del projecte d&#8217;innovaci\u00f3 de 4t d&#8217;ESO hem anat a la platja. All\u00e0 hem tingut l&#8217;oportunitat d&#8217;escoltar la xerrada d&#8217;en Ferran Aguilar, expert naturista en la tortuga babaua a les nostres costes i l&#8217;efecte de la pressi\u00f3 humana i el canvi clim\u00e0tic en el litoral&hellip;  <a href=\"https:\/\/agora.xtec.cat\/instarragona\/eso\/eso-4\/projecte-dinnovacio-a-la-platja\/\" title=\"Read Projecte d&#8217;innovaci\u00f3 a la platja\">Llegeix m\u00e9s\u00bb<\/a><\/p>\n","protected":false},"author":1,"featured_media":4251,"comment_status":"open","ping_status":"closed","sticky":false,"template":"","format":"standard","meta":{"_bbp_topic_count":0,"_bbp_reply_count":0,"_bbp_total_topic_count":0,"_bbp_total_reply_count":0,"_bbp_voice_count":0,"_bbp_anonymous_reply_count":0,"_bbp_topic_count_hidden":0,"_bbp_reply_count_hidden":0,"_bbp_forum_subforum_count":0,"footnotes":""},"categories":[7,29,100],"tags":[116,41,110],"class_list":["post-4190","post","type-post","status-publish","format-standard","has-post-thumbnail","hentry","category-eso-4","category-portada","category-projectes","tag-ciencies","tag-matematiques","tag-tecnologia"],"post_mailing_queue_ids":[],"_links":{"self":[{"href":"https:\/\/agora.xtec.cat\/instarragona\/wp-json\/wp\/v2\/posts\/4190","targetHints":{"allow":["GET"]}}],"collection":[{"href":"https:\/\/agora.xtec.cat\/instarragona\/wp-json\/wp\/v2\/posts"}],"about":[{"href":"https:\/\/agora.xtec.cat\/instarragona\/wp-json\/wp\/v2\/types\/post"}],"author":[{"embeddable":true,"href":"https:\/\/agora.xtec.cat\/instarragona\/wp-json\/wp\/v2\/users\/1"}],"replies":[{"embeddable":true,"href":"https:\/\/agora.xtec.cat\/instarragona\/wp-json\/wp\/v2\/comments?post=4190"}],"version-history":[{"count":2,"href":"https:\/\/agora.xtec.cat\/instarragona\/wp-json\/wp\/v2\/posts\/4190\/revisions"}],"predecessor-version":[{"id":4256,"href":"https:\/\/agora.xtec.cat\/instarragona\/wp-json\/wp\/v2\/posts\/4190\/revisions\/4256"}],"wp:featuredmedia":[{"embeddable":true,"href":"https:\/\/agora.xtec.cat\/instarragona\/wp-json\/wp\/v2\/media\/4251"}],"wp:attachment":[{"href":"https:\/\/agora.xtec.cat\/instarragona\/wp-json\/wp\/v2\/media?parent=4190"}],"wp:term":[{"taxonomy":"category","embeddable":true,"href":"https:\/\/agora.xtec.cat\/instarragona\/wp-json\/wp\/v2\/categories?post=4190"},{"taxonomy":"post_tag","embeddable":true,"href":"https:\/\/agora.xtec.cat\/instarragona\/wp-json\/wp\/v2\/tags?post=4190"}],"curies":[{"name":"wp","href":"https:\/\/api.w.org\/{rel}","templated":true}]}}