{"id":4188,"date":"2023-04-24T12:31:24","date_gmt":"2023-04-24T10:31:24","guid":{"rendered":"https:\/\/agora.xtec.cat\/instarragona\/?p=4188"},"modified":"2023-04-24T12:31:24","modified_gmt":"2023-04-24T10:31:24","slug":"forum-trics-3","status":"publish","type":"post","link":"https:\/\/agora.xtec.cat\/instarragona\/batxillerat\/forum-trics-3\/","title":{"rendered":"F\u00f2rum Trics"},"content":{"rendered":"<p>Hem anat amb els alumnes de 1r de Batxillerat a escoltar els nostres companys de 2n de batxillerat\u00a0 al F\u00f2rum Trics. Moltes gr\u00e0cies a l&#8217;organitzaci\u00f3 que fa possible aquestes iniciatives tant interessants i a tots els alumnes que hi han participat. Sabem que no \u00e9s f\u00e0cil posar-se davant de tanta gent i explicar el teu projecte.<\/p>\n<p>Recordem que el F\u00f2rum Trics \u00e9s un espai de trobada de Treballs de Recerca organitzat pel Departament d\u2019Educaci\u00f3 i l\u2019Associaci\u00f3 Empresarial Qu\u00edmica de Tarragona (AEQT) per tal de contribuir en el proc\u00e9s de formaci\u00f3 dels joves i amb l&#8217;objectiu de possibilitar l&#8217;intercanvi d&#8217;experi\u00e8ncies.<\/p>\n<p>M\u00e9s <a href=\"https:\/\/drive.google.com\/drive\/folders\/106J811sj9L19LeYQMUoiMp--UwrfMYUB?usp=share_link\" target=\"_blank\" rel=\"noopener\"><strong>imatges .<\/strong><\/a><\/p>\n<p>&nbsp;<\/p>\n<p><img loading=\"lazy\" decoding=\"async\" class=\"aligncenter size-full wp-image-4196\" src=\"https:\/\/agora.xtec.cat\/instarragona\/wp-content\/uploads\/usu484\/2023\/04\/Captura-3.png\" alt=\"\" width=\"1038\" height=\"650\" srcset=\"https:\/\/agora.xtec.cat\/instarragona\/wp-content\/uploads\/usu484\/2023\/04\/Captura-3.png 1038w, https:\/\/agora.xtec.cat\/instarragona\/wp-content\/uploads\/usu484\/2023\/04\/Captura-3-300x188.png 300w, https:\/\/agora.xtec.cat\/instarragona\/wp-content\/uploads\/usu484\/2023\/04\/Captura-3-1024x641.png 1024w, https:\/\/agora.xtec.cat\/instarragona\/wp-content\/uploads\/usu484\/2023\/04\/Captura-3-768x481.png 768w\" sizes=\"auto, (max-width: 1038px) 100vw, 1038px\" \/><\/p>\n<p>&nbsp;<\/p>\n<p><img loading=\"lazy\" decoding=\"async\" class=\"aligncenter size-full wp-image-4197\" src=\"https:\/\/agora.xtec.cat\/instarragona\/wp-content\/uploads\/usu484\/2023\/04\/2-1.png\" alt=\"\" width=\"964\" height=\"789\" srcset=\"https:\/\/agora.xtec.cat\/instarragona\/wp-content\/uploads\/usu484\/2023\/04\/2-1.png 964w, https:\/\/agora.xtec.cat\/instarragona\/wp-content\/uploads\/usu484\/2023\/04\/2-1-300x246.png 300w, https:\/\/agora.xtec.cat\/instarragona\/wp-content\/uploads\/usu484\/2023\/04\/2-1-768x629.png 768w\" sizes=\"auto, (max-width: 964px) 100vw, 964px\" \/><\/p>\n<p>&nbsp;<\/p>\n<p><img loading=\"lazy\" decoding=\"async\" class=\"aligncenter size-full wp-image-4193\" src=\"https:\/\/agora.xtec.cat\/instarragona\/wp-content\/uploads\/usu484\/2023\/04\/2.png\" alt=\"\" width=\"617\" height=\"480\" srcset=\"https:\/\/agora.xtec.cat\/instarragona\/wp-content\/uploads\/usu484\/2023\/04\/2.png 617w, https:\/\/agora.xtec.cat\/instarragona\/wp-content\/uploads\/usu484\/2023\/04\/2-300x233.png 300w\" sizes=\"auto, (max-width: 617px) 100vw, 617px\" \/><\/p>\n<p>&nbsp;<\/p>\n<p><img loading=\"lazy\" decoding=\"async\" class=\"aligncenter size-full wp-image-4194\" src=\"https:\/\/agora.xtec.cat\/instarragona\/wp-content\/uploads\/usu484\/2023\/04\/3.png\" alt=\"\" width=\"824\" height=\"498\" srcset=\"https:\/\/agora.xtec.cat\/instarragona\/wp-content\/uploads\/usu484\/2023\/04\/3.png 824w, https:\/\/agora.xtec.cat\/instarragona\/wp-content\/uploads\/usu484\/2023\/04\/3-300x181.png 300w, https:\/\/agora.xtec.cat\/instarragona\/wp-content\/uploads\/usu484\/2023\/04\/3-768x464.png 768w\" sizes=\"auto, (max-width: 824px) 100vw, 824px\" \/><\/p>\n<p>&nbsp;<\/p>\n<p><img loading=\"lazy\" decoding=\"async\" class=\"aligncenter size-full wp-image-4195\" src=\"https:\/\/agora.xtec.cat\/instarragona\/wp-content\/uploads\/usu484\/2023\/04\/Captura-2.png\" alt=\"\" width=\"824\" height=\"533\" srcset=\"https:\/\/agora.xtec.cat\/instarragona\/wp-content\/uploads\/usu484\/2023\/04\/Captura-2.png 824w, https:\/\/agora.xtec.cat\/instarragona\/wp-content\/uploads\/usu484\/2023\/04\/Captura-2-300x194.png 300w, https:\/\/agora.xtec.cat\/instarragona\/wp-content\/uploads\/usu484\/2023\/04\/Captura-2-768x497.png 768w\" sizes=\"auto, (max-width: 824px) 100vw, 824px\" \/><\/p>\n<p>&nbsp;<\/p>\n<p><img loading=\"lazy\" decoding=\"async\" class=\"aligncenter  wp-image-4198\" src=\"https:\/\/agora.xtec.cat\/instarragona\/wp-content\/uploads\/usu484\/2023\/04\/3-1.png\" alt=\"\" width=\"641\" height=\"406\" srcset=\"https:\/\/agora.xtec.cat\/instarragona\/wp-content\/uploads\/usu484\/2023\/04\/3-1.png 1008w, https:\/\/agora.xtec.cat\/instarragona\/wp-content\/uploads\/usu484\/2023\/04\/3-1-300x190.png 300w, https:\/\/agora.xtec.cat\/instarragona\/wp-content\/uploads\/usu484\/2023\/04\/3-1-768x486.png 768w\" sizes=\"auto, (max-width: 641px) 100vw, 641px\" \/><\/p>\n<p>&nbsp;<\/p>\n<p><img loading=\"lazy\" decoding=\"async\" class=\"aligncenter  wp-image-4199\" src=\"https:\/\/agora.xtec.cat\/instarragona\/wp-content\/uploads\/usu484\/2023\/04\/Captura-4.png\" alt=\"\" width=\"618\" height=\"447\" srcset=\"https:\/\/agora.xtec.cat\/instarragona\/wp-content\/uploads\/usu484\/2023\/04\/Captura-4.png 967w, https:\/\/agora.xtec.cat\/instarragona\/wp-content\/uploads\/usu484\/2023\/04\/Captura-4-300x217.png 300w, https:\/\/agora.xtec.cat\/instarragona\/wp-content\/uploads\/usu484\/2023\/04\/Captura-4-768x555.png 768w\" sizes=\"auto, (max-width: 618px) 100vw, 618px\" \/><\/p>\n<p>&nbsp;<\/p>\n","protected":false},"excerpt":{"rendered":"<p>Hem anat amb els alumnes de 1r de Batxillerat a escoltar els nostres companys de 2n de batxillerat\u00a0 al F\u00f2rum Trics. Moltes gr\u00e0cies a l&#8217;organitzaci\u00f3 que fa possible aquestes iniciatives tant interessants i a tots els alumnes que hi han participat. Sabem que no \u00e9s&hellip;  <a href=\"https:\/\/agora.xtec.cat\/instarragona\/batxillerat\/forum-trics-3\/\" title=\"Read F\u00f2rum Trics\">Llegeix m\u00e9s\u00bb<\/a><\/p>\n","protected":false},"author":1,"featured_media":4192,"comment_status":"open","ping_status":"closed","sticky":false,"template":"","format":"standard","meta":{"_bbp_topic_count":0,"_bbp_reply_count":0,"_bbp_total_topic_count":0,"_bbp_total_reply_count":0,"_bbp_voice_count":0,"_bbp_anonymous_reply_count":0,"_bbp_topic_count_hidden":0,"_bbp_reply_count_hidden":0,"_bbp_forum_subforum_count":0,"footnotes":""},"categories":[8,29],"tags":[39],"class_list":["post-4188","post","type-post","status-publish","format-standard","has-post-thumbnail","hentry","category-batxillerat","category-portada","tag-sortides"],"post_mailing_queue_ids":[],"_links":{"self":[{"href":"https:\/\/agora.xtec.cat\/instarragona\/wp-json\/wp\/v2\/posts\/4188","targetHints":{"allow":["GET"]}}],"collection":[{"href":"https:\/\/agora.xtec.cat\/instarragona\/wp-json\/wp\/v2\/posts"}],"about":[{"href":"https:\/\/agora.xtec.cat\/instarragona\/wp-json\/wp\/v2\/types\/post"}],"author":[{"embeddable":true,"href":"https:\/\/agora.xtec.cat\/instarragona\/wp-json\/wp\/v2\/users\/1"}],"replies":[{"embeddable":true,"href":"https:\/\/agora.xtec.cat\/instarragona\/wp-json\/wp\/v2\/comments?post=4188"}],"version-history":[{"count":2,"href":"https:\/\/agora.xtec.cat\/instarragona\/wp-json\/wp\/v2\/posts\/4188\/revisions"}],"predecessor-version":[{"id":4200,"href":"https:\/\/agora.xtec.cat\/instarragona\/wp-json\/wp\/v2\/posts\/4188\/revisions\/4200"}],"wp:featuredmedia":[{"embeddable":true,"href":"https:\/\/agora.xtec.cat\/instarragona\/wp-json\/wp\/v2\/media\/4192"}],"wp:attachment":[{"href":"https:\/\/agora.xtec.cat\/instarragona\/wp-json\/wp\/v2\/media?parent=4188"}],"wp:term":[{"taxonomy":"category","embeddable":true,"href":"https:\/\/agora.xtec.cat\/instarragona\/wp-json\/wp\/v2\/categories?post=4188"},{"taxonomy":"post_tag","embeddable":true,"href":"https:\/\/agora.xtec.cat\/instarragona\/wp-json\/wp\/v2\/tags?post=4188"}],"curies":[{"name":"wp","href":"https:\/\/api.w.org\/{rel}","templated":true}]}}