{"id":4161,"date":"2023-04-18T13:18:44","date_gmt":"2023-04-18T11:18:44","guid":{"rendered":"https:\/\/agora.xtec.cat\/instarragona\/?p=4161"},"modified":"2023-04-18T13:19:20","modified_gmt":"2023-04-18T11:19:20","slug":"el-siei-refa-la-jardinara","status":"publish","type":"post","link":"https:\/\/agora.xtec.cat\/instarragona\/portada\/el-siei-refa-la-jardinara\/","title":{"rendered":"El SIEI ref\u00e0 la jardinera"},"content":{"rendered":"<p>\ud83c\udf38\ud83c\udf3a\ud83c\udf31\u2618\ud83c\udf3e\ud83c\udf3f\ud83c\udf3cLa primavera ha arribat i els retocs a la jardinera de l&#8217;entrada eren imprescindibles \ud83c\udf38\ud83c\udf3a\ud83c\udf31\u2618\ud83c\udf3e\ud83c\udf3f\ud83c\udf3c.<\/p>\n<p>Els nois i noies del SIEI s&#8217;hi han posat i la veritat \u00e9s que aix\u00f2 comen\u00e7a a lluir.\u00a0Gr\u00e0cies!<\/p>\n<p><img loading=\"lazy\" decoding=\"async\" class=\"aligncenter size-full wp-image-4163\" src=\"https:\/\/agora.xtec.cat\/instarragona\/wp-content\/uploads\/usu484\/2023\/04\/Captura2.jpg\" alt=\"\" width=\"1095\" height=\"781\" srcset=\"https:\/\/agora.xtec.cat\/instarragona\/wp-content\/uploads\/usu484\/2023\/04\/Captura2.jpg 1095w, https:\/\/agora.xtec.cat\/instarragona\/wp-content\/uploads\/usu484\/2023\/04\/Captura2-300x214.jpg 300w, https:\/\/agora.xtec.cat\/instarragona\/wp-content\/uploads\/usu484\/2023\/04\/Captura2-1024x730.jpg 1024w, https:\/\/agora.xtec.cat\/instarragona\/wp-content\/uploads\/usu484\/2023\/04\/Captura2-768x548.jpg 768w\" sizes=\"auto, (max-width: 1095px) 100vw, 1095px\" \/><\/p>\n<p>&nbsp;<\/p>\n<p><img loading=\"lazy\" decoding=\"async\" class=\"aligncenter size-full wp-image-4164\" src=\"https:\/\/agora.xtec.cat\/instarragona\/wp-content\/uploads\/usu484\/2023\/04\/Captura-2.jpg\" alt=\"\" width=\"1667\" height=\"834\" srcset=\"https:\/\/agora.xtec.cat\/instarragona\/wp-content\/uploads\/usu484\/2023\/04\/Captura-2.jpg 1667w, https:\/\/agora.xtec.cat\/instarragona\/wp-content\/uploads\/usu484\/2023\/04\/Captura-2-300x150.jpg 300w, https:\/\/agora.xtec.cat\/instarragona\/wp-content\/uploads\/usu484\/2023\/04\/Captura-2-1024x512.jpg 1024w, https:\/\/agora.xtec.cat\/instarragona\/wp-content\/uploads\/usu484\/2023\/04\/Captura-2-768x384.jpg 768w, https:\/\/agora.xtec.cat\/instarragona\/wp-content\/uploads\/usu484\/2023\/04\/Captura-2-1536x768.jpg 1536w\" sizes=\"auto, (max-width: 1667px) 100vw, 1667px\" \/><\/p>\n<p>&nbsp;<\/p>\n","protected":false},"excerpt":{"rendered":"<p>\ud83c\udf38\ud83c\udf3a\ud83c\udf31\u2618\ud83c\udf3e\ud83c\udf3f\ud83c\udf3cLa primavera ha arribat i els retocs a la jardinera de l&#8217;entrada eren imprescindibles \ud83c\udf38\ud83c\udf3a\ud83c\udf31\u2618\ud83c\udf3e\ud83c\udf3f\ud83c\udf3c.<br \/>\nEls nois i noies del SIEI s&#8217;hi han posat i la veritat \u00e9s que aix\u00f2 comen\u00e7a a lluir.\u00a0Gr\u00e0cies!<\/p>\n<p>&nbsp;<\/p>\n<p>&nbsp;<\/p>\n","protected":false},"author":1,"featured_media":4162,"comment_status":"open","ping_status":"closed","sticky":false,"template":"","format":"standard","meta":{"_bbp_topic_count":0,"_bbp_reply_count":0,"_bbp_total_topic_count":0,"_bbp_total_reply_count":0,"_bbp_voice_count":0,"_bbp_anonymous_reply_count":0,"_bbp_topic_count_hidden":0,"_bbp_reply_count_hidden":0,"_bbp_forum_subforum_count":0,"footnotes":""},"categories":[29],"tags":[122],"class_list":["post-4161","post","type-post","status-publish","format-standard","has-post-thumbnail","hentry","category-portada","tag-siei"],"post_mailing_queue_ids":[],"_links":{"self":[{"href":"https:\/\/agora.xtec.cat\/instarragona\/wp-json\/wp\/v2\/posts\/4161","targetHints":{"allow":["GET"]}}],"collection":[{"href":"https:\/\/agora.xtec.cat\/instarragona\/wp-json\/wp\/v2\/posts"}],"about":[{"href":"https:\/\/agora.xtec.cat\/instarragona\/wp-json\/wp\/v2\/types\/post"}],"author":[{"embeddable":true,"href":"https:\/\/agora.xtec.cat\/instarragona\/wp-json\/wp\/v2\/users\/1"}],"replies":[{"embeddable":true,"href":"https:\/\/agora.xtec.cat\/instarragona\/wp-json\/wp\/v2\/comments?post=4161"}],"version-history":[{"count":3,"href":"https:\/\/agora.xtec.cat\/instarragona\/wp-json\/wp\/v2\/posts\/4161\/revisions"}],"predecessor-version":[{"id":4167,"href":"https:\/\/agora.xtec.cat\/instarragona\/wp-json\/wp\/v2\/posts\/4161\/revisions\/4167"}],"wp:featuredmedia":[{"embeddable":true,"href":"https:\/\/agora.xtec.cat\/instarragona\/wp-json\/wp\/v2\/media\/4162"}],"wp:attachment":[{"href":"https:\/\/agora.xtec.cat\/instarragona\/wp-json\/wp\/v2\/media?parent=4161"}],"wp:term":[{"taxonomy":"category","embeddable":true,"href":"https:\/\/agora.xtec.cat\/instarragona\/wp-json\/wp\/v2\/categories?post=4161"},{"taxonomy":"post_tag","embeddable":true,"href":"https:\/\/agora.xtec.cat\/instarragona\/wp-json\/wp\/v2\/tags?post=4161"}],"curies":[{"name":"wp","href":"https:\/\/api.w.org\/{rel}","templated":true}]}}