{"id":4153,"date":"2023-04-17T12:21:40","date_gmt":"2023-04-17T10:21:40","guid":{"rendered":"https:\/\/agora.xtec.cat\/instarragona\/?p=4153"},"modified":"2023-04-17T12:23:59","modified_gmt":"2023-04-17T10:23:59","slug":"els-cartells-en-el-mon-de-la-publicitat","status":"publish","type":"post","link":"https:\/\/agora.xtec.cat\/instarragona\/eso\/eso-2\/els-cartells-en-el-mon-de-la-publicitat\/","title":{"rendered":"Els cartells en el m\u00f3n de la publicitat"},"content":{"rendered":"<p>Heu visitat l&#8217;exposici\u00f3 al CaixaF\u00f2rum sobre els cartells com a reclam publicitari? Us heu parat a pensat quin paper juguen les dones en aquest reclam?<\/p>\n<p>Hi hem anat amb 2n d&#8217;ESO i les conclusions extretes, com ja us podeu imaginar, han estat ben bones.<\/p>\n<p><img loading=\"lazy\" decoding=\"async\" class=\"aligncenter size-full wp-image-4155\" src=\"https:\/\/agora.xtec.cat\/instarragona\/wp-content\/uploads\/usu484\/2023\/04\/Captura.JPG1_.jpg\" alt=\"\" width=\"1320\" height=\"632\" srcset=\"https:\/\/agora.xtec.cat\/instarragona\/wp-content\/uploads\/usu484\/2023\/04\/Captura.JPG1_.jpg 1320w, https:\/\/agora.xtec.cat\/instarragona\/wp-content\/uploads\/usu484\/2023\/04\/Captura.JPG1_-300x144.jpg 300w, https:\/\/agora.xtec.cat\/instarragona\/wp-content\/uploads\/usu484\/2023\/04\/Captura.JPG1_-1024x490.jpg 1024w, https:\/\/agora.xtec.cat\/instarragona\/wp-content\/uploads\/usu484\/2023\/04\/Captura.JPG1_-768x368.jpg 768w\" sizes=\"auto, (max-width: 1320px) 100vw, 1320px\" \/><\/p>\n<p>&nbsp;<\/p>\n<p>&nbsp;<\/p>\n","protected":false},"excerpt":{"rendered":"<p>Heu visitat l&#8217;exposici\u00f3 al CaixaF\u00f2rum sobre els cartells com a reclam publicitari? Us heu parat a pensat quin paper juguen les dones en aquest reclam?<br \/>\nHi hem anat amb 2n d&#8217;ESO i les conclusions extretes, com ja us podeu imaginar, han estat ben bones.<\/p>\n<p>&nbsp;<br \/>\n&nbsp;<\/p>\n","protected":false},"author":1,"featured_media":4154,"comment_status":"open","ping_status":"closed","sticky":false,"template":"","format":"standard","meta":{"_bbp_topic_count":0,"_bbp_reply_count":0,"_bbp_total_topic_count":0,"_bbp_total_reply_count":0,"_bbp_voice_count":0,"_bbp_anonymous_reply_count":0,"_bbp_topic_count_hidden":0,"_bbp_reply_count_hidden":0,"_bbp_forum_subforum_count":0,"footnotes":""},"categories":[5,29],"tags":[39],"class_list":["post-4153","post","type-post","status-publish","format-standard","has-post-thumbnail","hentry","category-eso-2","category-portada","tag-sortides"],"post_mailing_queue_ids":[],"_links":{"self":[{"href":"https:\/\/agora.xtec.cat\/instarragona\/wp-json\/wp\/v2\/posts\/4153","targetHints":{"allow":["GET"]}}],"collection":[{"href":"https:\/\/agora.xtec.cat\/instarragona\/wp-json\/wp\/v2\/posts"}],"about":[{"href":"https:\/\/agora.xtec.cat\/instarragona\/wp-json\/wp\/v2\/types\/post"}],"author":[{"embeddable":true,"href":"https:\/\/agora.xtec.cat\/instarragona\/wp-json\/wp\/v2\/users\/1"}],"replies":[{"embeddable":true,"href":"https:\/\/agora.xtec.cat\/instarragona\/wp-json\/wp\/v2\/comments?post=4153"}],"version-history":[{"count":2,"href":"https:\/\/agora.xtec.cat\/instarragona\/wp-json\/wp\/v2\/posts\/4153\/revisions"}],"predecessor-version":[{"id":4158,"href":"https:\/\/agora.xtec.cat\/instarragona\/wp-json\/wp\/v2\/posts\/4153\/revisions\/4158"}],"wp:featuredmedia":[{"embeddable":true,"href":"https:\/\/agora.xtec.cat\/instarragona\/wp-json\/wp\/v2\/media\/4154"}],"wp:attachment":[{"href":"https:\/\/agora.xtec.cat\/instarragona\/wp-json\/wp\/v2\/media?parent=4153"}],"wp:term":[{"taxonomy":"category","embeddable":true,"href":"https:\/\/agora.xtec.cat\/instarragona\/wp-json\/wp\/v2\/categories?post=4153"},{"taxonomy":"post_tag","embeddable":true,"href":"https:\/\/agora.xtec.cat\/instarragona\/wp-json\/wp\/v2\/tags?post=4153"}],"curies":[{"name":"wp","href":"https:\/\/api.w.org\/{rel}","templated":true}]}}