{"id":4137,"date":"2023-04-08T20:22:50","date_gmt":"2023-04-08T18:22:50","guid":{"rendered":"https:\/\/agora.xtec.cat\/instarragona\/?p=4137"},"modified":"2023-04-08T20:22:50","modified_gmt":"2023-04-08T18:22:50","slug":"insfirat-2023","status":"publish","type":"post","link":"https:\/\/agora.xtec.cat\/instarragona\/eso\/insfirat-2023\/","title":{"rendered":"Insfira&#8217;t 2023"},"content":{"rendered":"<p>Acabem el per\u00edode lectiu amb la ja tradicional Insfira&#8217;t! Un dia al Parc del Francol\u00ed ple d&#8217;activitats esportives, jocs i torneigs.<\/p>\n<p>Agra\u00efts al departament d&#8217;educaci\u00f3 f\u00edsica per la gran feina que heu fet. \ud83e\udd17<\/p>\n<p>Moltes m\u00e9s imatges <strong><a href=\"https:\/\/drive.google.com\/drive\/folders\/1BYqqIp0wHghLakGpwwvmqQaHvMDz2ajN?usp=share_link\" target=\"_blank\" rel=\"noopener\">aqu\u00ed<\/a><\/strong> mateix.<\/p>\n<p><img loading=\"lazy\" decoding=\"async\" class=\"aligncenter size-full wp-image-4140\" src=\"https:\/\/agora.xtec.cat\/instarragona\/wp-content\/uploads\/usu484\/2023\/04\/Captura-de-pantalla-2023-04-08-201648.jpg\" alt=\"\" width=\"802\" height=\"649\" srcset=\"https:\/\/agora.xtec.cat\/instarragona\/wp-content\/uploads\/usu484\/2023\/04\/Captura-de-pantalla-2023-04-08-201648.jpg 802w, https:\/\/agora.xtec.cat\/instarragona\/wp-content\/uploads\/usu484\/2023\/04\/Captura-de-pantalla-2023-04-08-201648-300x243.jpg 300w, https:\/\/agora.xtec.cat\/instarragona\/wp-content\/uploads\/usu484\/2023\/04\/Captura-de-pantalla-2023-04-08-201648-768x621.jpg 768w\" sizes=\"auto, (max-width: 802px) 100vw, 802px\" \/><\/p>\n<p>&nbsp;<\/p>\n<p><img loading=\"lazy\" decoding=\"async\" class=\"aligncenter size-full wp-image-4139\" src=\"https:\/\/agora.xtec.cat\/instarragona\/wp-content\/uploads\/usu484\/2023\/04\/Captura-de-pantalla-2023-04-08-201357.jpg\" alt=\"\" width=\"486\" height=\"523\" srcset=\"https:\/\/agora.xtec.cat\/instarragona\/wp-content\/uploads\/usu484\/2023\/04\/Captura-de-pantalla-2023-04-08-201357.jpg 486w, https:\/\/agora.xtec.cat\/instarragona\/wp-content\/uploads\/usu484\/2023\/04\/Captura-de-pantalla-2023-04-08-201357-279x300.jpg 279w\" sizes=\"auto, (max-width: 486px) 100vw, 486px\" \/><\/p>\n","protected":false},"excerpt":{"rendered":"<p>Acabem el per\u00edode lectiu amb la ja tradicional Insfira&#8217;t! Un dia al Parc del Francol\u00ed ple d&#8217;activitats esportives, jocs i torneigs.<br \/>\nAgra\u00efts al departament d&#8217;educaci\u00f3 f\u00edsica per la gran feina que heu fet. \ud83e\udd17<br \/>\nMoltes m\u00e9s imatges <a href=\"https:\/\/drive.google.com\/drive\/folders\/1BYqqIp0wHghLakGpwwvmqQaHvMDz2ajN?usp=share_link\" target=\"_blank\" rel=\"noopener\">aqu\u00ed<\/a> mateix.<\/p>\n<p>&nbsp;<\/p>\n","protected":false},"author":1,"featured_media":4138,"comment_status":"open","ping_status":"closed","sticky":false,"template":"","format":"standard","meta":{"_bbp_topic_count":0,"_bbp_reply_count":0,"_bbp_total_topic_count":0,"_bbp_total_reply_count":0,"_bbp_voice_count":0,"_bbp_anonymous_reply_count":0,"_bbp_topic_count_hidden":0,"_bbp_reply_count_hidden":0,"_bbp_forum_subforum_count":0,"footnotes":""},"categories":[3,29],"tags":[138],"class_list":["post-4137","post","type-post","status-publish","format-standard","has-post-thumbnail","hentry","category-eso","category-portada","tag-ef"],"post_mailing_queue_ids":[],"_links":{"self":[{"href":"https:\/\/agora.xtec.cat\/instarragona\/wp-json\/wp\/v2\/posts\/4137","targetHints":{"allow":["GET"]}}],"collection":[{"href":"https:\/\/agora.xtec.cat\/instarragona\/wp-json\/wp\/v2\/posts"}],"about":[{"href":"https:\/\/agora.xtec.cat\/instarragona\/wp-json\/wp\/v2\/types\/post"}],"author":[{"embeddable":true,"href":"https:\/\/agora.xtec.cat\/instarragona\/wp-json\/wp\/v2\/users\/1"}],"replies":[{"embeddable":true,"href":"https:\/\/agora.xtec.cat\/instarragona\/wp-json\/wp\/v2\/comments?post=4137"}],"version-history":[{"count":1,"href":"https:\/\/agora.xtec.cat\/instarragona\/wp-json\/wp\/v2\/posts\/4137\/revisions"}],"predecessor-version":[{"id":4141,"href":"https:\/\/agora.xtec.cat\/instarragona\/wp-json\/wp\/v2\/posts\/4137\/revisions\/4141"}],"wp:featuredmedia":[{"embeddable":true,"href":"https:\/\/agora.xtec.cat\/instarragona\/wp-json\/wp\/v2\/media\/4138"}],"wp:attachment":[{"href":"https:\/\/agora.xtec.cat\/instarragona\/wp-json\/wp\/v2\/media?parent=4137"}],"wp:term":[{"taxonomy":"category","embeddable":true,"href":"https:\/\/agora.xtec.cat\/instarragona\/wp-json\/wp\/v2\/categories?post=4137"},{"taxonomy":"post_tag","embeddable":true,"href":"https:\/\/agora.xtec.cat\/instarragona\/wp-json\/wp\/v2\/tags?post=4137"}],"curies":[{"name":"wp","href":"https:\/\/api.w.org\/{rel}","templated":true}]}}