{"id":4129,"date":"2023-04-08T19:54:48","date_gmt":"2023-04-08T17:54:48","guid":{"rendered":"https:\/\/agora.xtec.cat\/instarragona\/?p=4129"},"modified":"2023-04-17T12:13:36","modified_gmt":"2023-04-17T10:13:36","slug":"els-profes-tambe-llegim","status":"publish","type":"post","link":"https:\/\/agora.xtec.cat\/instarragona\/portada\/els-profes-tambe-llegim\/","title":{"rendered":"Els profes tamb\u00e9 llegim!"},"content":{"rendered":"<p><span style=\"font-family: verdana, sans-serif; font-size: large;\">El segon llibre del club de lectura de profes ha estat una com\u00e8dia rom\u00e0ntica protagonitzada per un savi diferent,\u00a0<\/span><b style=\"font-family: verdana, sans-serif; font-size: large;\"><i><a style=\"color: #1155cc;\" href=\"https:\/\/www.youtube.com\/watch?v=BXGY4TlvZD0\" target=\"_blank\" rel=\"noopener\" data-saferedirecturl=\"https:\/\/www.google.com\/url?q=https:\/\/www.youtube.com\/watch?v%3DBXGY4TlvZD0&amp;source=gmail&amp;ust=1681060942500000&amp;usg=AOvVaw3rf5CQMml3CdVvmyE68IZJ\">El Projecte Rosie<\/a><\/i><\/b><span style=\"font-family: verdana, sans-serif; font-size: large;\">, de l&#8217;autor neozeland\u00e8s\u00a0<\/span><b style=\"font-family: verdana, sans-serif; font-size: large;\"><a style=\"color: #1155cc;\" href=\"https:\/\/en.wikipedia.org\/wiki\/Graeme_Simsion\" target=\"_blank\" rel=\"noopener\" data-saferedirecturl=\"https:\/\/www.google.com\/url?q=https:\/\/en.wikipedia.org\/wiki\/Graeme_Simsion&amp;source=gmail&amp;ust=1681060942500000&amp;usg=AOvVaw23pEMxvLKnBwYsEpnVV8Hz\">Graeme Simsion<\/a><\/b><span style=\"font-family: verdana, sans-serif; font-size: large;\">, que el 2024 ser\u00e0 portada al cinema. L&#8217;hem comentat i hem establert lligams amb les nostres experi\u00e8ncies culturals i personals al voltant d&#8217;una taula, tot dinant. I, com d&#8217;habitud, ens ha agradat a uns m\u00e9s que a uns altres. Visca la difer\u00e8ncia!<\/span><\/p>\n<p><iframe loading=\"lazy\" title=\"YouTube video player\" src=\"https:\/\/www.youtube.com\/embed\/BXGY4TlvZD0\" width=\"560\" height=\"315\" frameborder=\"0\" allowfullscreen=\"allowfullscreen\"><\/iframe><\/p>\n<p>&nbsp;<\/p>\n<p><img loading=\"lazy\" decoding=\"async\" class=\"aligncenter size-full wp-image-4134\" src=\"https:\/\/agora.xtec.cat\/instarragona\/wp-content\/uploads\/usu484\/2023\/04\/Captura-de-pantalla-2023-04-08-195928.jpg\" alt=\"\" width=\"940\" height=\"625\" srcset=\"https:\/\/agora.xtec.cat\/instarragona\/wp-content\/uploads\/usu484\/2023\/04\/Captura-de-pantalla-2023-04-08-195928.jpg 940w, https:\/\/agora.xtec.cat\/instarragona\/wp-content\/uploads\/usu484\/2023\/04\/Captura-de-pantalla-2023-04-08-195928-300x199.jpg 300w, https:\/\/agora.xtec.cat\/instarragona\/wp-content\/uploads\/usu484\/2023\/04\/Captura-de-pantalla-2023-04-08-195928-768x511.jpg 768w\" sizes=\"auto, (max-width: 940px) 100vw, 940px\" \/><\/p>\n<p>&nbsp;<\/p>\n<p>&nbsp;<\/p>\n","protected":false},"excerpt":{"rendered":"<p>El segon llibre del club de lectura de profes ha estat una com\u00e8dia rom\u00e0ntica protagonitzada per un savi diferent,\u00a0<a style=\"color: #1155cc;\" href=\"https:\/\/www.youtube.com\/watch?v=BXGY4TlvZD0\" target=\"_blank\" rel=\"noopener\" data-saferedirecturl=\"https:\/\/www.google.com\/url?q=https:\/\/www.youtube.com\/watch?v%3DBXGY4TlvZD0&amp;source=gmail&amp;ust=1681060942500000&amp;usg=AOvVaw3rf5CQMml3CdVvmyE68IZJ\">El Projecte Rosie<\/a>, de l&#8217;autor neozeland\u00e8s\u00a0<a style=\"color: #1155cc;\" href=\"https:\/\/en.wikipedia.org\/wiki\/Graeme_Simsion\" target=\"_blank\" rel=\"noopener\" data-saferedirecturl=\"https:\/\/www.google.com\/url?q=https:\/\/en.wikipedia.org\/wiki\/Graeme_Simsion&amp;source=gmail&amp;ust=1681060942500000&amp;usg=AOvVaw23pEMxvLKnBwYsEpnVV8Hz\">Graeme Simsion<\/a>, que el 2024 ser\u00e0 portada al cinema. L&#8217;hem&hellip;  <a href=\"https:\/\/agora.xtec.cat\/instarragona\/portada\/els-profes-tambe-llegim\/\" title=\"Read Els profes tamb\u00e9 llegim!\">Llegeix m\u00e9s\u00bb<\/a><\/p>\n","protected":false},"author":1,"featured_media":4131,"comment_status":"open","ping_status":"closed","sticky":false,"template":"","format":"standard","meta":{"_bbp_topic_count":0,"_bbp_reply_count":0,"_bbp_total_topic_count":0,"_bbp_total_reply_count":0,"_bbp_voice_count":0,"_bbp_anonymous_reply_count":0,"_bbp_topic_count_hidden":0,"_bbp_reply_count_hidden":0,"_bbp_forum_subforum_count":0,"footnotes":""},"categories":[29],"tags":[],"class_list":["post-4129","post","type-post","status-publish","format-standard","has-post-thumbnail","hentry","category-portada"],"post_mailing_queue_ids":[],"_links":{"self":[{"href":"https:\/\/agora.xtec.cat\/instarragona\/wp-json\/wp\/v2\/posts\/4129","targetHints":{"allow":["GET"]}}],"collection":[{"href":"https:\/\/agora.xtec.cat\/instarragona\/wp-json\/wp\/v2\/posts"}],"about":[{"href":"https:\/\/agora.xtec.cat\/instarragona\/wp-json\/wp\/v2\/types\/post"}],"author":[{"embeddable":true,"href":"https:\/\/agora.xtec.cat\/instarragona\/wp-json\/wp\/v2\/users\/1"}],"replies":[{"embeddable":true,"href":"https:\/\/agora.xtec.cat\/instarragona\/wp-json\/wp\/v2\/comments?post=4129"}],"version-history":[{"count":3,"href":"https:\/\/agora.xtec.cat\/instarragona\/wp-json\/wp\/v2\/posts\/4129\/revisions"}],"predecessor-version":[{"id":4152,"href":"https:\/\/agora.xtec.cat\/instarragona\/wp-json\/wp\/v2\/posts\/4129\/revisions\/4152"}],"wp:featuredmedia":[{"embeddable":true,"href":"https:\/\/agora.xtec.cat\/instarragona\/wp-json\/wp\/v2\/media\/4131"}],"wp:attachment":[{"href":"https:\/\/agora.xtec.cat\/instarragona\/wp-json\/wp\/v2\/media?parent=4129"}],"wp:term":[{"taxonomy":"category","embeddable":true,"href":"https:\/\/agora.xtec.cat\/instarragona\/wp-json\/wp\/v2\/categories?post=4129"},{"taxonomy":"post_tag","embeddable":true,"href":"https:\/\/agora.xtec.cat\/instarragona\/wp-json\/wp\/v2\/tags?post=4129"}],"curies":[{"name":"wp","href":"https:\/\/api.w.org\/{rel}","templated":true}]}}