{"id":4116,"date":"2023-03-29T14:02:14","date_gmt":"2023-03-29T12:02:14","guid":{"rendered":"https:\/\/agora.xtec.cat\/instarragona\/?p=4116"},"modified":"2023-03-29T14:02:29","modified_gmt":"2023-03-29T12:02:29","slug":"molts-exits-a-lolimpiada-de-geografia","status":"publish","type":"post","link":"https:\/\/agora.xtec.cat\/instarragona\/batxillerat\/molts-exits-a-lolimpiada-de-geografia\/","title":{"rendered":"Molts \u00e8xits a l&#8217;olimp\u00edada de geografia"},"content":{"rendered":"<h3 style=\"text-align: center;\"><strong>\ud83d\udc41<span style=\"color: #008000;\">NO ENS PODEM QUEIXAR!<\/span> \ud83d\udc41<\/strong><\/h3>\n<p>Pel que fa a l<strong><a href=\"https:\/\/www.age-geografia.es\/site\/xiv-olimpiada-de-geografia-2023\/\" target=\"_blank\" rel=\"noopener\">&#8216;Olimp\u00edada de geografia<\/a><\/strong> aquest any hem quedat en primera posici\u00f3 com institut, d&#8217;un total de 20 centres. A la fase individual, d&#8217;un total de 100 alumnes participants, en Joel Perell\u00f3 ha quedat cinqu\u00e9, en Sergi Cano quart i la Itzel Rubio tercera. Ella anir\u00e0 a la fase estatal els dies 21 i 22 d&#8217;abril a M\u00farcia. Carai!<\/p>\n<p>Moltes felicitts a tots! Sou uns cracks!<\/p>\n<p><img loading=\"lazy\" decoding=\"async\" class=\"aligncenter wp-image-4117\" src=\"https:\/\/agora.xtec.cat\/instarragona\/wp-content\/uploads\/usu484\/2023\/03\/Captura-3.png\" alt=\"\" width=\"784\" height=\"555\" srcset=\"https:\/\/agora.xtec.cat\/instarragona\/wp-content\/uploads\/usu484\/2023\/03\/Captura-3.png 633w, https:\/\/agora.xtec.cat\/instarragona\/wp-content\/uploads\/usu484\/2023\/03\/Captura-3-300x212.png 300w\" sizes=\"auto, (max-width: 784px) 100vw, 784px\" \/><\/p>\n<p>&nbsp;<\/p>\n","protected":false},"excerpt":{"rendered":"<p>\ud83d\udc41NO ENS PODEM QUEIXAR! \ud83d\udc41<br \/>\nPel que fa a l<a href=\"https:\/\/www.age-geografia.es\/site\/xiv-olimpiada-de-geografia-2023\/\" target=\"_blank\" rel=\"noopener\">&#8216;Olimp\u00edada de geografia<\/a> aquest any hem quedat en primera posici\u00f3 com institut, d&#8217;un total de 20 centres. A la fase individual, d&#8217;un total de 100 alumnes participants, en Joel Perell\u00f3 ha quedat cinqu\u00e9, en&hellip;  <a href=\"https:\/\/agora.xtec.cat\/instarragona\/batxillerat\/molts-exits-a-lolimpiada-de-geografia\/\" title=\"Read Molts \u00e8xits a l&#8217;olimp\u00edada de geografia\">Llegeix m\u00e9s\u00bb<\/a><\/p>\n","protected":false},"author":1,"featured_media":4117,"comment_status":"open","ping_status":"closed","sticky":false,"template":"","format":"standard","meta":{"_bbp_topic_count":0,"_bbp_reply_count":0,"_bbp_total_topic_count":0,"_bbp_total_reply_count":0,"_bbp_voice_count":0,"_bbp_anonymous_reply_count":0,"_bbp_topic_count_hidden":0,"_bbp_reply_count_hidden":0,"_bbp_forum_subforum_count":0,"footnotes":""},"categories":[8,29],"tags":[133],"class_list":["post-4116","post","type-post","status-publish","format-standard","has-post-thumbnail","hentry","category-batxillerat","category-portada","tag-geografia-i-historia"],"post_mailing_queue_ids":[],"_links":{"self":[{"href":"https:\/\/agora.xtec.cat\/instarragona\/wp-json\/wp\/v2\/posts\/4116","targetHints":{"allow":["GET"]}}],"collection":[{"href":"https:\/\/agora.xtec.cat\/instarragona\/wp-json\/wp\/v2\/posts"}],"about":[{"href":"https:\/\/agora.xtec.cat\/instarragona\/wp-json\/wp\/v2\/types\/post"}],"author":[{"embeddable":true,"href":"https:\/\/agora.xtec.cat\/instarragona\/wp-json\/wp\/v2\/users\/1"}],"replies":[{"embeddable":true,"href":"https:\/\/agora.xtec.cat\/instarragona\/wp-json\/wp\/v2\/comments?post=4116"}],"version-history":[{"count":1,"href":"https:\/\/agora.xtec.cat\/instarragona\/wp-json\/wp\/v2\/posts\/4116\/revisions"}],"predecessor-version":[{"id":4118,"href":"https:\/\/agora.xtec.cat\/instarragona\/wp-json\/wp\/v2\/posts\/4116\/revisions\/4118"}],"wp:featuredmedia":[{"embeddable":true,"href":"https:\/\/agora.xtec.cat\/instarragona\/wp-json\/wp\/v2\/media\/4117"}],"wp:attachment":[{"href":"https:\/\/agora.xtec.cat\/instarragona\/wp-json\/wp\/v2\/media?parent=4116"}],"wp:term":[{"taxonomy":"category","embeddable":true,"href":"https:\/\/agora.xtec.cat\/instarragona\/wp-json\/wp\/v2\/categories?post=4116"},{"taxonomy":"post_tag","embeddable":true,"href":"https:\/\/agora.xtec.cat\/instarragona\/wp-json\/wp\/v2\/tags?post=4116"}],"curies":[{"name":"wp","href":"https:\/\/api.w.org\/{rel}","templated":true}]}}