{"id":4093,"date":"2023-03-28T12:20:38","date_gmt":"2023-03-28T10:20:38","guid":{"rendered":"https:\/\/agora.xtec.cat\/instarragona\/?p=4093"},"modified":"2023-03-28T12:20:38","modified_gmt":"2023-03-28T10:20:38","slug":"e-talks-a-la-urv","status":"publish","type":"post","link":"https:\/\/agora.xtec.cat\/instarragona\/eso\/eso-2\/e-talks-a-la-urv\/","title":{"rendered":"E-talks a la URV"},"content":{"rendered":"<p><span style=\"color: #262626; font-family: -apple-system, BlinkMacSystemFont, 'Segoe UI', Roboto, Helvetica, Arial, sans-serif; font-size: 14px;\">Les primeres <strong><a href=\"https:\/\/www.repteexperimenta.cat\/2023\/e-talks-apropant-experiencies-inspiradores-a-joves\/\" target=\"_blank\" rel=\"noopener\">E-Talks de Repte Experimenta<\/a><\/strong> han estat un \u00e8xit que ha reunit a tres professionals de la ci\u00e8ncia excepcionals i a m\u00e9s de 1600 alumnes de diferents escoles i instituts que els han escoltat a l\u2019Aula Magna del Campus Catalunya de la URV i en l\u00ednia \ud83d\ude0d<\/span><\/p>\n<p><span style=\"color: #262626; font-family: -apple-system, BlinkMacSystemFont, 'Segoe UI', Roboto, Helvetica, Arial, sans-serif; font-size: 14px;\">Les primeres E-Talks de Repte Experimenta han estat un \u00e8xit que ha reunit a tres professionals de la ci\u00e8ncia excepcionals i a m\u00e9s de 1600 alumnes de diferents escoles i instituts que els han escoltat a l\u2019Aula Magna del Campus Catalunya de la URV. Els convidats estrella han estat l\u2019enginyer industrial Iv\u00e1n Mart\u00ednez, a l\u2019enginyer electr\u00f2nic Adri\u00e1n Garc\u00e9s i a la biotecn\u00f2loga Sara Samino.\u00a0<\/span><\/p>\n<p><img loading=\"lazy\" decoding=\"async\" class=\"aligncenter size-full wp-image-4095\" src=\"https:\/\/agora.xtec.cat\/instarragona\/wp-content\/uploads\/usu484\/2023\/03\/CAP3.jpg\" alt=\"\" width=\"718\" height=\"532\" srcset=\"https:\/\/agora.xtec.cat\/instarragona\/wp-content\/uploads\/usu484\/2023\/03\/CAP3.jpg 718w, https:\/\/agora.xtec.cat\/instarragona\/wp-content\/uploads\/usu484\/2023\/03\/CAP3-300x222.jpg 300w\" sizes=\"auto, (max-width: 718px) 100vw, 718px\" \/><\/p>\n<p><span style=\"color: #008000;\"><strong><span style=\"font-family: -apple-system, BlinkMacSystemFont, 'Segoe UI', Roboto, Helvetica, Arial, sans-serif; font-size: 14px;\">Bona ci\u00e8ncia!!<\/span><\/strong><\/span><\/p>\n<p>&nbsp;<\/p>\n","protected":false},"excerpt":{"rendered":"<p>Les primeres <a href=\"https:\/\/www.repteexperimenta.cat\/2023\/e-talks-apropant-experiencies-inspiradores-a-joves\/\" target=\"_blank\" rel=\"noopener\">E-Talks de Repte Experimenta<\/a> han estat un \u00e8xit que ha reunit a tres professionals de la ci\u00e8ncia excepcionals i a m\u00e9s de 1600 alumnes de diferents escoles i instituts que els han escoltat a l\u2019Aula Magna del Campus Catalunya de&hellip;  <a href=\"https:\/\/agora.xtec.cat\/instarragona\/eso\/eso-2\/e-talks-a-la-urv\/\" title=\"Read E-talks a la URV\">Llegeix m\u00e9s\u00bb<\/a><\/p>\n","protected":false},"author":1,"featured_media":4095,"comment_status":"open","ping_status":"closed","sticky":false,"template":"","format":"standard","meta":{"_bbp_topic_count":0,"_bbp_reply_count":0,"_bbp_total_topic_count":0,"_bbp_total_reply_count":0,"_bbp_voice_count":0,"_bbp_anonymous_reply_count":0,"_bbp_topic_count_hidden":0,"_bbp_reply_count_hidden":0,"_bbp_forum_subforum_count":0,"footnotes":""},"categories":[5,29],"tags":[116,99,110],"class_list":["post-4093","post","type-post","status-publish","format-standard","has-post-thumbnail","hentry","category-eso-2","category-portada","tag-ciencies","tag-projectes","tag-tecnologia"],"post_mailing_queue_ids":[],"_links":{"self":[{"href":"https:\/\/agora.xtec.cat\/instarragona\/wp-json\/wp\/v2\/posts\/4093","targetHints":{"allow":["GET"]}}],"collection":[{"href":"https:\/\/agora.xtec.cat\/instarragona\/wp-json\/wp\/v2\/posts"}],"about":[{"href":"https:\/\/agora.xtec.cat\/instarragona\/wp-json\/wp\/v2\/types\/post"}],"author":[{"embeddable":true,"href":"https:\/\/agora.xtec.cat\/instarragona\/wp-json\/wp\/v2\/users\/1"}],"replies":[{"embeddable":true,"href":"https:\/\/agora.xtec.cat\/instarragona\/wp-json\/wp\/v2\/comments?post=4093"}],"version-history":[{"count":3,"href":"https:\/\/agora.xtec.cat\/instarragona\/wp-json\/wp\/v2\/posts\/4093\/revisions"}],"predecessor-version":[{"id":4097,"href":"https:\/\/agora.xtec.cat\/instarragona\/wp-json\/wp\/v2\/posts\/4093\/revisions\/4097"}],"wp:featuredmedia":[{"embeddable":true,"href":"https:\/\/agora.xtec.cat\/instarragona\/wp-json\/wp\/v2\/media\/4095"}],"wp:attachment":[{"href":"https:\/\/agora.xtec.cat\/instarragona\/wp-json\/wp\/v2\/media?parent=4093"}],"wp:term":[{"taxonomy":"category","embeddable":true,"href":"https:\/\/agora.xtec.cat\/instarragona\/wp-json\/wp\/v2\/categories?post=4093"},{"taxonomy":"post_tag","embeddable":true,"href":"https:\/\/agora.xtec.cat\/instarragona\/wp-json\/wp\/v2\/tags?post=4093"}],"curies":[{"name":"wp","href":"https:\/\/api.w.org\/{rel}","templated":true}]}}