{"id":4079,"date":"2023-03-28T11:52:41","date_gmt":"2023-03-28T09:52:41","guid":{"rendered":"https:\/\/agora.xtec.cat\/instarragona\/?p=4079"},"modified":"2023-03-28T11:55:11","modified_gmt":"2023-03-28T09:55:11","slug":"xerrada-amb-good-karma","status":"publish","type":"post","link":"https:\/\/agora.xtec.cat\/instarragona\/eso\/eso-4\/xerrada-amb-good-karma\/","title":{"rendered":"Xerrada amb Good Karma"},"content":{"rendered":"<p><span class=\"Y2IQFc\" lang=\"ca\">Dos enginyers apassionats del surf i la natura van crear ara ja fa uns anys <strong><a href=\"https:\/\/goodkarmaprojects.org\/\" target=\"_blank\" rel=\"noopener\">Good Karma Projects<\/a><\/strong>,\u00a0 organitzaci\u00f3 sense \u00e0nim de lucre i amb l&#8217;objectiu final de promoure la conscienciaci\u00f3 i l&#8217;acci\u00f3 ambiental.\u00a0<\/span><\/p>\n<p>La xerrada s&#8217;ha emmarcat dins del projecte d&#8217;innovaci\u00f3 de 4t d&#8217;ESO <strong><span style=\"color: #008000;\">&#8220;Tornar\u00e0 la tortuga babaua a les costes tarragonines?&#8221;<\/span><\/strong>. La veritat \u00e9s que el retroc\u00e9s del litoral, l&#8217;augment de la temperatura del mar degut al canvi clim\u00e0tic i la contaminaci\u00f3 de les aig\u00fces jugaran un paper clau en el futur de la biodiversitat en els nostres entorns marins.<\/p>\n<p>Ens preocupa! I tots tenim quelcom a dir i a fer, segur! Podeu fer una ullada als <a href=\"https:\/\/goodkarmaprojects.org\/proyectos\/\" target=\"_blank\" rel=\"noopener\"><strong>projectes<\/strong> <\/a>d&#8217;aquesta associaci\u00f3.<\/p>\n<p>&nbsp;<\/p>\n<p><img loading=\"lazy\" decoding=\"async\" class=\"aligncenter size-full wp-image-4080\" src=\"https:\/\/agora.xtec.cat\/instarragona\/wp-content\/uploads\/usu484\/2023\/03\/cap.jpg\" alt=\"\" width=\"1189\" height=\"565\" srcset=\"https:\/\/agora.xtec.cat\/instarragona\/wp-content\/uploads\/usu484\/2023\/03\/cap.jpg 1189w, https:\/\/agora.xtec.cat\/instarragona\/wp-content\/uploads\/usu484\/2023\/03\/cap-300x143.jpg 300w, https:\/\/agora.xtec.cat\/instarragona\/wp-content\/uploads\/usu484\/2023\/03\/cap-1024x487.jpg 1024w, https:\/\/agora.xtec.cat\/instarragona\/wp-content\/uploads\/usu484\/2023\/03\/cap-768x365.jpg 768w\" sizes=\"auto, (max-width: 1189px) 100vw, 1189px\" \/><\/p>\n<p>Algunes <a href=\"https:\/\/drive.google.com\/drive\/folders\/11LraVhLnxj2090W2tjGldV2WMcjD_lHd?usp=share_link\" target=\"_blank\" rel=\"noopener\">fotos<\/a> m\u00e9s.<\/p>\n","protected":false},"excerpt":{"rendered":"<p>Dos enginyers apassionats del surf i la natura van crear ara ja fa uns anys <a href=\"https:\/\/goodkarmaprojects.org\/\" target=\"_blank\" rel=\"noopener\">Good Karma Projects<\/a>,\u00a0 organitzaci\u00f3 sense \u00e0nim de lucre i amb l&#8217;objectiu final de promoure la conscienciaci\u00f3 i l&#8217;acci\u00f3 ambiental.\u00a0<br \/>\nLa xerrada s&#8217;ha emmarcat dins del projecte d&#8217;innovaci\u00f3 de&hellip;  <a href=\"https:\/\/agora.xtec.cat\/instarragona\/eso\/eso-4\/xerrada-amb-good-karma\/\" title=\"Read Xerrada amb Good Karma\">Llegeix m\u00e9s\u00bb<\/a><\/p>\n","protected":false},"author":1,"featured_media":4080,"comment_status":"open","ping_status":"closed","sticky":false,"template":"","format":"standard","meta":{"_bbp_topic_count":0,"_bbp_reply_count":0,"_bbp_total_topic_count":0,"_bbp_total_reply_count":0,"_bbp_voice_count":0,"_bbp_anonymous_reply_count":0,"_bbp_topic_count_hidden":0,"_bbp_reply_count_hidden":0,"_bbp_forum_subforum_count":0,"footnotes":""},"categories":[7,29],"tags":[116,41,110,44],"class_list":["post-4079","post","type-post","status-publish","format-standard","has-post-thumbnail","hentry","category-eso-4","category-portada","tag-ciencies","tag-matematiques","tag-tecnologia","tag-xerrades"],"post_mailing_queue_ids":[],"_links":{"self":[{"href":"https:\/\/agora.xtec.cat\/instarragona\/wp-json\/wp\/v2\/posts\/4079","targetHints":{"allow":["GET"]}}],"collection":[{"href":"https:\/\/agora.xtec.cat\/instarragona\/wp-json\/wp\/v2\/posts"}],"about":[{"href":"https:\/\/agora.xtec.cat\/instarragona\/wp-json\/wp\/v2\/types\/post"}],"author":[{"embeddable":true,"href":"https:\/\/agora.xtec.cat\/instarragona\/wp-json\/wp\/v2\/users\/1"}],"replies":[{"embeddable":true,"href":"https:\/\/agora.xtec.cat\/instarragona\/wp-json\/wp\/v2\/comments?post=4079"}],"version-history":[{"count":3,"href":"https:\/\/agora.xtec.cat\/instarragona\/wp-json\/wp\/v2\/posts\/4079\/revisions"}],"predecessor-version":[{"id":4083,"href":"https:\/\/agora.xtec.cat\/instarragona\/wp-json\/wp\/v2\/posts\/4079\/revisions\/4083"}],"wp:featuredmedia":[{"embeddable":true,"href":"https:\/\/agora.xtec.cat\/instarragona\/wp-json\/wp\/v2\/media\/4080"}],"wp:attachment":[{"href":"https:\/\/agora.xtec.cat\/instarragona\/wp-json\/wp\/v2\/media?parent=4079"}],"wp:term":[{"taxonomy":"category","embeddable":true,"href":"https:\/\/agora.xtec.cat\/instarragona\/wp-json\/wp\/v2\/categories?post=4079"},{"taxonomy":"post_tag","embeddable":true,"href":"https:\/\/agora.xtec.cat\/instarragona\/wp-json\/wp\/v2\/tags?post=4079"}],"curies":[{"name":"wp","href":"https:\/\/api.w.org\/{rel}","templated":true}]}}