{"id":4073,"date":"2023-03-28T10:30:26","date_gmt":"2023-03-28T08:30:26","guid":{"rendered":"https:\/\/agora.xtec.cat\/instarragona\/?p=4073"},"modified":"2023-03-28T10:30:26","modified_gmt":"2023-03-28T08:30:26","slug":"angel-guimera-pau-casals","status":"publish","type":"post","link":"https:\/\/agora.xtec.cat\/instarragona\/eso\/eso-1\/angel-guimera-pau-casals\/","title":{"rendered":"\u00c0ngel Guimer\u00e0 + Pau Casals"},"content":{"rendered":"<p>Amb el pretext\u00a0de visitar la casa on va viure de jovenet el dramaturg \u00c0ngel Guimer\u00e0 i la casa nadiua del m\u00fasic universal Pau Casals, l&#8217;alumnat de 1r d&#8217;ESO va realitzar una sortida al Vendrell dilluns dia 20 de mar\u00e7. A m\u00e9s a m\u00e9s d&#8217;aquestes dues cases museu, van fer un recorregut\u00a0pel nucli hist\u00f2ric de la capital del Baix Pened\u00e8s i una visita i audici\u00f3 del magn\u00edfic i antic orgue de l&#8217;esgl\u00e9sia parroquial de Sant Salvador del Vendrell. El colof\u00f3 perfecte despr\u00e9s d&#8217;haver gaudit durant un trimestre de la lectura de\u00a0<i>Mar i Cel.<\/i><\/p>\n<p><img loading=\"lazy\" decoding=\"async\" class=\"aligncenter size-full wp-image-4074\" src=\"https:\/\/agora.xtec.cat\/instarragona\/wp-content\/uploads\/usu484\/2023\/03\/Captura-de-pantalla-2023-03-28-102845.jpg\" alt=\"\" width=\"450\" height=\"645\" srcset=\"https:\/\/agora.xtec.cat\/instarragona\/wp-content\/uploads\/usu484\/2023\/03\/Captura-de-pantalla-2023-03-28-102845.jpg 450w, https:\/\/agora.xtec.cat\/instarragona\/wp-content\/uploads\/usu484\/2023\/03\/Captura-de-pantalla-2023-03-28-102845-209x300.jpg 209w\" sizes=\"auto, (max-width: 450px) 100vw, 450px\" \/><\/p>\n<p>&nbsp;<\/p>\n<p><img loading=\"lazy\" decoding=\"async\" class=\"aligncenter  wp-image-4075\" src=\"https:\/\/agora.xtec.cat\/instarragona\/wp-content\/uploads\/usu484\/2023\/03\/1679314808486.jpg\" alt=\"\" width=\"448\" height=\"597\" srcset=\"https:\/\/agora.xtec.cat\/instarragona\/wp-content\/uploads\/usu484\/2023\/03\/1679314808486.jpg 1536w, https:\/\/agora.xtec.cat\/instarragona\/wp-content\/uploads\/usu484\/2023\/03\/1679314808486-225x300.jpg 225w, https:\/\/agora.xtec.cat\/instarragona\/wp-content\/uploads\/usu484\/2023\/03\/1679314808486-768x1024.jpg 768w, https:\/\/agora.xtec.cat\/instarragona\/wp-content\/uploads\/usu484\/2023\/03\/1679314808486-1152x1536.jpg 1152w\" sizes=\"auto, (max-width: 448px) 100vw, 448px\" \/><\/p>\n<p>&nbsp;<\/p>\n","protected":false},"excerpt":{"rendered":"<p>Amb el pretext\u00a0de visitar la casa on va viure de jovenet el dramaturg \u00c0ngel Guimer\u00e0 i la casa nadiua del m\u00fasic universal Pau Casals, l&#8217;alumnat de 1r d&#8217;ESO va realitzar una sortida al Vendrell dilluns dia 20 de mar\u00e7. A m\u00e9s a m\u00e9s d&#8217;aquestes dues&hellip;  <a href=\"https:\/\/agora.xtec.cat\/instarragona\/eso\/eso-1\/angel-guimera-pau-casals\/\" title=\"Read \u00c0ngel Guimer\u00e0 + Pau Casals\">Llegeix m\u00e9s\u00bb<\/a><\/p>\n","protected":false},"author":1,"featured_media":4074,"comment_status":"open","ping_status":"closed","sticky":false,"template":"","format":"standard","meta":{"_bbp_topic_count":0,"_bbp_reply_count":0,"_bbp_total_topic_count":0,"_bbp_total_reply_count":0,"_bbp_voice_count":0,"_bbp_anonymous_reply_count":0,"_bbp_topic_count_hidden":0,"_bbp_reply_count_hidden":0,"_bbp_forum_subforum_count":0,"footnotes":""},"categories":[4,29],"tags":[39],"class_list":["post-4073","post","type-post","status-publish","format-standard","has-post-thumbnail","hentry","category-eso-1","category-portada","tag-sortides"],"post_mailing_queue_ids":[],"_links":{"self":[{"href":"https:\/\/agora.xtec.cat\/instarragona\/wp-json\/wp\/v2\/posts\/4073","targetHints":{"allow":["GET"]}}],"collection":[{"href":"https:\/\/agora.xtec.cat\/instarragona\/wp-json\/wp\/v2\/posts"}],"about":[{"href":"https:\/\/agora.xtec.cat\/instarragona\/wp-json\/wp\/v2\/types\/post"}],"author":[{"embeddable":true,"href":"https:\/\/agora.xtec.cat\/instarragona\/wp-json\/wp\/v2\/users\/1"}],"replies":[{"embeddable":true,"href":"https:\/\/agora.xtec.cat\/instarragona\/wp-json\/wp\/v2\/comments?post=4073"}],"version-history":[{"count":1,"href":"https:\/\/agora.xtec.cat\/instarragona\/wp-json\/wp\/v2\/posts\/4073\/revisions"}],"predecessor-version":[{"id":4076,"href":"https:\/\/agora.xtec.cat\/instarragona\/wp-json\/wp\/v2\/posts\/4073\/revisions\/4076"}],"wp:featuredmedia":[{"embeddable":true,"href":"https:\/\/agora.xtec.cat\/instarragona\/wp-json\/wp\/v2\/media\/4074"}],"wp:attachment":[{"href":"https:\/\/agora.xtec.cat\/instarragona\/wp-json\/wp\/v2\/media?parent=4073"}],"wp:term":[{"taxonomy":"category","embeddable":true,"href":"https:\/\/agora.xtec.cat\/instarragona\/wp-json\/wp\/v2\/categories?post=4073"},{"taxonomy":"post_tag","embeddable":true,"href":"https:\/\/agora.xtec.cat\/instarragona\/wp-json\/wp\/v2\/tags?post=4073"}],"curies":[{"name":"wp","href":"https:\/\/api.w.org\/{rel}","templated":true}]}}