{"id":4067,"date":"2023-03-24T13:18:21","date_gmt":"2023-03-24T12:18:21","guid":{"rendered":"https:\/\/agora.xtec.cat\/instarragona\/?p=4067"},"modified":"2023-03-24T13:19:47","modified_gmt":"2023-03-24T12:19:47","slug":"directe-a-europa","status":"publish","type":"post","link":"https:\/\/agora.xtec.cat\/instarragona\/batxillerat\/directe-a-europa\/","title":{"rendered":"Directe a Europa!"},"content":{"rendered":"<p>Els alumnes de 2n de BAT de l&#8217;assignatura de geografia han fet una <strong><a href=\"https:\/\/drive.google.com\/drive\/folders\/1uToXVsKbLeV_-Ghqz_J30beHUIKNLjO6?usp=share_link\" target=\"_blank\" rel=\"noopener\">activitat<\/a><\/strong> ben diferent amb la Marta, de l&#8217;oficina d&#8217;<strong><a href=\"https:\/\/europedirect.tarragona.cat\/\" target=\"_blank\" rel=\"noopener\">Europe Direct<\/a><\/strong>.<\/p>\n<p>Ens va explicar qu\u00e8 \u00e9s Europa, la funci\u00f3 de la Uni\u00f3 Europea i posteriorment els alumnes van fer un simulacre de com funciona el parlament europeu, fent de parlamentaris de diferents pa\u00efsos i de diversos partits pol\u00edtics.<\/p>\n<p><img loading=\"lazy\" decoding=\"async\" class=\"aligncenter size-full wp-image-4068\" src=\"https:\/\/agora.xtec.cat\/instarragona\/wp-content\/uploads\/usu484\/2023\/03\/Captura-18.jpg\" alt=\"\" width=\"655\" height=\"338\" srcset=\"https:\/\/agora.xtec.cat\/instarragona\/wp-content\/uploads\/usu484\/2023\/03\/Captura-18.jpg 655w, https:\/\/agora.xtec.cat\/instarragona\/wp-content\/uploads\/usu484\/2023\/03\/Captura-18-300x155.jpg 300w\" sizes=\"auto, (max-width: 655px) 100vw, 655px\" \/><\/p>\n<p>A les xarxes els podreu trobar a\u00a0<a href=\"https:\/\/www.instagram.com\/europedirecttgn\/\" target=\"_blank\" rel=\"noopener\"><strong>#EDTGN<\/strong> \ud83c\uddea\ud83c\uddfa<\/a><\/p>\n","protected":false},"excerpt":{"rendered":"<p>Els alumnes de 2n de BAT de l&#8217;assignatura de geografia han fet una <a href=\"https:\/\/drive.google.com\/drive\/folders\/1uToXVsKbLeV_-Ghqz_J30beHUIKNLjO6?usp=share_link\" target=\"_blank\" rel=\"noopener\">activitat<\/a> ben diferent amb la Marta, de l&#8217;oficina d&#8217;<a href=\"https:\/\/europedirect.tarragona.cat\/\" target=\"_blank\" rel=\"noopener\">Europe Direct<\/a>.<br \/>\nEns va explicar qu\u00e8 \u00e9s Europa, la funci\u00f3 de la Uni\u00f3 Europea i posteriorment els alumnes van&hellip;  <a href=\"https:\/\/agora.xtec.cat\/instarragona\/batxillerat\/directe-a-europa\/\" title=\"Read Directe a Europa!\">Llegeix m\u00e9s\u00bb<\/a><\/p>\n","protected":false},"author":1,"featured_media":4068,"comment_status":"open","ping_status":"closed","sticky":false,"template":"","format":"standard","meta":{"_bbp_topic_count":0,"_bbp_reply_count":0,"_bbp_total_topic_count":0,"_bbp_total_reply_count":0,"_bbp_voice_count":0,"_bbp_anonymous_reply_count":0,"_bbp_topic_count_hidden":0,"_bbp_reply_count_hidden":0,"_bbp_forum_subforum_count":0,"footnotes":""},"categories":[8,29],"tags":[133],"class_list":["post-4067","post","type-post","status-publish","format-standard","has-post-thumbnail","hentry","category-batxillerat","category-portada","tag-geografia-i-historia"],"post_mailing_queue_ids":[],"_links":{"self":[{"href":"https:\/\/agora.xtec.cat\/instarragona\/wp-json\/wp\/v2\/posts\/4067","targetHints":{"allow":["GET"]}}],"collection":[{"href":"https:\/\/agora.xtec.cat\/instarragona\/wp-json\/wp\/v2\/posts"}],"about":[{"href":"https:\/\/agora.xtec.cat\/instarragona\/wp-json\/wp\/v2\/types\/post"}],"author":[{"embeddable":true,"href":"https:\/\/agora.xtec.cat\/instarragona\/wp-json\/wp\/v2\/users\/1"}],"replies":[{"embeddable":true,"href":"https:\/\/agora.xtec.cat\/instarragona\/wp-json\/wp\/v2\/comments?post=4067"}],"version-history":[{"count":3,"href":"https:\/\/agora.xtec.cat\/instarragona\/wp-json\/wp\/v2\/posts\/4067\/revisions"}],"predecessor-version":[{"id":4071,"href":"https:\/\/agora.xtec.cat\/instarragona\/wp-json\/wp\/v2\/posts\/4067\/revisions\/4071"}],"wp:featuredmedia":[{"embeddable":true,"href":"https:\/\/agora.xtec.cat\/instarragona\/wp-json\/wp\/v2\/media\/4068"}],"wp:attachment":[{"href":"https:\/\/agora.xtec.cat\/instarragona\/wp-json\/wp\/v2\/media?parent=4067"}],"wp:term":[{"taxonomy":"category","embeddable":true,"href":"https:\/\/agora.xtec.cat\/instarragona\/wp-json\/wp\/v2\/categories?post=4067"},{"taxonomy":"post_tag","embeddable":true,"href":"https:\/\/agora.xtec.cat\/instarragona\/wp-json\/wp\/v2\/tags?post=4067"}],"curies":[{"name":"wp","href":"https:\/\/api.w.org\/{rel}","templated":true}]}}