{"id":4062,"date":"2023-03-24T13:07:13","date_gmt":"2023-03-24T12:07:13","guid":{"rendered":"https:\/\/agora.xtec.cat\/instarragona\/?p=4062"},"modified":"2023-03-24T13:09:55","modified_gmt":"2023-03-24T12:09:55","slug":"recitant-heinrich-heine","status":"publish","type":"post","link":"https:\/\/agora.xtec.cat\/instarragona\/eso\/eso-4\/recitant-heinrich-heine\/","title":{"rendered":"Recitant Heinrich Heine"},"content":{"rendered":"<p>L&#8217;alumnat de 4t d&#8217;ESO d&#8217;Alemany com a 2a llengua ha recitat Heinrich Heine en motiu del Dia de la Poesia.\u00a0 La poesia triada ha estat Die Lorelei, basada en una coneguda llegenda alemanya. Despr\u00e9s de treballar-la a classe l&#8217;han recitada vers a vers per fer una composici\u00f3 col\u00b7lectiva. Despr\u00e9s han combinat la gravaci\u00f3 amb imatges paisatg\u00edstiques de la llegenda. El v\u00eddeo ha acompanyat, tamb\u00e9, el recital po\u00e8tic en diverses lleng\u00fces que s&#8217;ha dut a terme a l&#8217;institut per al Dia de la Poesia.<\/p>\n<p><iframe loading=\"lazy\" title=\"YouTube video player\" src=\"https:\/\/www.youtube.com\/embed\/mlFVqlWoEeU\" width=\"186\" height=\"105\" frameborder=\"0\" allowfullscreen=\"allowfullscreen\"><\/iframe><\/p>\n","protected":false},"excerpt":{"rendered":"<p>L&#8217;alumnat de 4t d&#8217;ESO d&#8217;Alemany com a 2a llengua ha recitat Heinrich Heine en motiu del Dia de la Poesia.\u00a0 La poesia triada ha estat Die Lorelei, basada en una coneguda llegenda alemanya. Despr\u00e9s de treballar-la a classe l&#8217;han recitada vers a vers per fer&hellip;  <a href=\"https:\/\/agora.xtec.cat\/instarragona\/eso\/eso-4\/recitant-heinrich-heine\/\" title=\"Read Recitant Heinrich Heine\">Llegeix m\u00e9s\u00bb<\/a><\/p>\n","protected":false},"author":1,"featured_media":4063,"comment_status":"open","ping_status":"closed","sticky":false,"template":"","format":"standard","meta":{"_bbp_topic_count":0,"_bbp_reply_count":0,"_bbp_total_topic_count":0,"_bbp_total_reply_count":0,"_bbp_voice_count":0,"_bbp_anonymous_reply_count":0,"_bbp_topic_count_hidden":0,"_bbp_reply_count_hidden":0,"_bbp_forum_subforum_count":0,"footnotes":""},"categories":[7,29],"tags":[135],"class_list":["post-4062","post","type-post","status-publish","format-standard","has-post-thumbnail","hentry","category-eso-4","category-portada","tag-alemany"],"post_mailing_queue_ids":[],"_links":{"self":[{"href":"https:\/\/agora.xtec.cat\/instarragona\/wp-json\/wp\/v2\/posts\/4062","targetHints":{"allow":["GET"]}}],"collection":[{"href":"https:\/\/agora.xtec.cat\/instarragona\/wp-json\/wp\/v2\/posts"}],"about":[{"href":"https:\/\/agora.xtec.cat\/instarragona\/wp-json\/wp\/v2\/types\/post"}],"author":[{"embeddable":true,"href":"https:\/\/agora.xtec.cat\/instarragona\/wp-json\/wp\/v2\/users\/1"}],"replies":[{"embeddable":true,"href":"https:\/\/agora.xtec.cat\/instarragona\/wp-json\/wp\/v2\/comments?post=4062"}],"version-history":[{"count":3,"href":"https:\/\/agora.xtec.cat\/instarragona\/wp-json\/wp\/v2\/posts\/4062\/revisions"}],"predecessor-version":[{"id":4066,"href":"https:\/\/agora.xtec.cat\/instarragona\/wp-json\/wp\/v2\/posts\/4062\/revisions\/4066"}],"wp:featuredmedia":[{"embeddable":true,"href":"https:\/\/agora.xtec.cat\/instarragona\/wp-json\/wp\/v2\/media\/4063"}],"wp:attachment":[{"href":"https:\/\/agora.xtec.cat\/instarragona\/wp-json\/wp\/v2\/media?parent=4062"}],"wp:term":[{"taxonomy":"category","embeddable":true,"href":"https:\/\/agora.xtec.cat\/instarragona\/wp-json\/wp\/v2\/categories?post=4062"},{"taxonomy":"post_tag","embeddable":true,"href":"https:\/\/agora.xtec.cat\/instarragona\/wp-json\/wp\/v2\/tags?post=4062"}],"curies":[{"name":"wp","href":"https:\/\/api.w.org\/{rel}","templated":true}]}}