{"id":4034,"date":"2023-03-17T12:15:01","date_gmt":"2023-03-17T11:15:01","guid":{"rendered":"https:\/\/agora.xtec.cat\/instarragona\/?p=4034"},"modified":"2023-03-17T12:16:22","modified_gmt":"2023-03-17T11:16:22","slug":"la-pobresa-te-un-color-lila","status":"publish","type":"post","link":"https:\/\/agora.xtec.cat\/instarragona\/portada\/la-pobresa-te-un-color-lila\/","title":{"rendered":"La pobresa \u00e9s de color lila?"},"content":{"rendered":"<p>Els alumnes de 4t d&#8217;ESO hem escoltat una xerrada de <strong><span style=\"color: #008000;\">Mans Unides<\/span><\/strong> que s&#8217;ha centrat en la <span style=\"color: #008000;\"><strong><i>Feminitzaci\u00f3 de la pobresa<\/i><\/strong><\/span>. A partir de retalls de premsa amb protagonistes an\u00f2nims i d&#8217;altres amb ress\u00f2 medi\u00e0tic com<strong><a href=\"https:\/\/anue.org\/2023\/03\/07\/mahsa-amini-la-represntacio-de-laixecament-de-la-revolucio-a-liran\/\" target=\"_blank\" rel=\"noopener\"> Mahsa Amini<\/a> <\/strong>hem fet un rep\u00e0s a la situaci\u00f3 real de les dones, sobretot en les zones m\u00e9s desafavorides. Ens ha fet veure la import\u00e0ncia de l&#8217;educaci\u00f3 com a eina per poder canviar aquesta realitat. Gr\u00e0cies!<\/p>\n<p><img loading=\"lazy\" decoding=\"async\" class=\"aligncenter wp-image-4035\" src=\"https:\/\/agora.xtec.cat\/instarragona\/wp-content\/uploads\/usu484\/2023\/03\/1679050963157-1.jpg\" alt=\"\" width=\"753\" height=\"490\" srcset=\"https:\/\/agora.xtec.cat\/instarragona\/wp-content\/uploads\/usu484\/2023\/03\/1679050963157-1.jpg 938w, https:\/\/agora.xtec.cat\/instarragona\/wp-content\/uploads\/usu484\/2023\/03\/1679050963157-1-300x195.jpg 300w, https:\/\/agora.xtec.cat\/instarragona\/wp-content\/uploads\/usu484\/2023\/03\/1679050963157-1-768x499.jpg 768w\" sizes=\"auto, (max-width: 753px) 100vw, 753px\" \/><\/p>\n<p>&nbsp;<\/p>\n","protected":false},"excerpt":{"rendered":"<p>Els alumnes de 4t d&#8217;ESO hem escoltat una xerrada de Mans Unides que s&#8217;ha centrat en la Feminitzaci\u00f3 de la pobresa. A partir de retalls de premsa amb protagonistes an\u00f2nims i d&#8217;altres amb ress\u00f2 medi\u00e0tic com<a href=\"https:\/\/anue.org\/2023\/03\/07\/mahsa-amini-la-represntacio-de-laixecament-de-la-revolucio-a-liran\/\" target=\"_blank\" rel=\"noopener\"> Mahsa Amini<\/a> hem fet un rep\u00e0s&hellip;  <a href=\"https:\/\/agora.xtec.cat\/instarragona\/portada\/la-pobresa-te-un-color-lila\/\" title=\"Read La pobresa \u00e9s de color lila?\">Llegeix m\u00e9s\u00bb<\/a><\/p>\n","protected":false},"author":1,"featured_media":0,"comment_status":"open","ping_status":"closed","sticky":false,"template":"","format":"standard","meta":{"_bbp_topic_count":0,"_bbp_reply_count":0,"_bbp_total_topic_count":0,"_bbp_total_reply_count":0,"_bbp_voice_count":0,"_bbp_anonymous_reply_count":0,"_bbp_topic_count_hidden":0,"_bbp_reply_count_hidden":0,"_bbp_forum_subforum_count":0,"footnotes":""},"categories":[29],"tags":[127],"class_list":["post-4034","post","type-post","status-publish","format-standard","hentry","category-portada","tag-religio"],"post_mailing_queue_ids":[],"_links":{"self":[{"href":"https:\/\/agora.xtec.cat\/instarragona\/wp-json\/wp\/v2\/posts\/4034","targetHints":{"allow":["GET"]}}],"collection":[{"href":"https:\/\/agora.xtec.cat\/instarragona\/wp-json\/wp\/v2\/posts"}],"about":[{"href":"https:\/\/agora.xtec.cat\/instarragona\/wp-json\/wp\/v2\/types\/post"}],"author":[{"embeddable":true,"href":"https:\/\/agora.xtec.cat\/instarragona\/wp-json\/wp\/v2\/users\/1"}],"replies":[{"embeddable":true,"href":"https:\/\/agora.xtec.cat\/instarragona\/wp-json\/wp\/v2\/comments?post=4034"}],"version-history":[{"count":3,"href":"https:\/\/agora.xtec.cat\/instarragona\/wp-json\/wp\/v2\/posts\/4034\/revisions"}],"predecessor-version":[{"id":4038,"href":"https:\/\/agora.xtec.cat\/instarragona\/wp-json\/wp\/v2\/posts\/4034\/revisions\/4038"}],"wp:attachment":[{"href":"https:\/\/agora.xtec.cat\/instarragona\/wp-json\/wp\/v2\/media?parent=4034"}],"wp:term":[{"taxonomy":"category","embeddable":true,"href":"https:\/\/agora.xtec.cat\/instarragona\/wp-json\/wp\/v2\/categories?post=4034"},{"taxonomy":"post_tag","embeddable":true,"href":"https:\/\/agora.xtec.cat\/instarragona\/wp-json\/wp\/v2\/tags?post=4034"}],"curies":[{"name":"wp","href":"https:\/\/api.w.org\/{rel}","templated":true}]}}