{"id":4007,"date":"2023-03-14T12:18:53","date_gmt":"2023-03-14T11:18:53","guid":{"rendered":"https:\/\/agora.xtec.cat\/instarragona\/?p=4007"},"modified":"2023-03-29T09:39:30","modified_gmt":"2023-03-29T07:39:30","slug":"sortida-a-liciq","status":"publish","type":"post","link":"https:\/\/agora.xtec.cat\/instarragona\/batxillerat\/sortida-a-liciq\/","title":{"rendered":"Sortida a l&#8217;ICIQ"},"content":{"rendered":"<p>L\u2019alumnat de 1r de Batxillerat de Qu\u00edmica ha visitat els laboratoris de <a href=\"https:\/\/www.iciq.org\/outreach\/?lang=cat\" target=\"_blank\" rel=\"noopener\">l\u2019<strong>ICIQ<\/strong> <\/a>(Institut Catal\u00e0 d\u2019Investigaci\u00f3 Qu\u00edmica). Ha experimentat i conegut la qu\u00edmica de la m\u00e0 dels investigadors en un entorn d\u2019excel\u00b7l\u00e8ncia cient\u00edfica. Una experi\u00e8ncia molt enriquidora.\u00a0<img decoding=\"async\" class=\"an1\" src=\"https:\/\/fonts.gstatic.com\/s\/e\/notoemoji\/15.0\/1f469_200d_1f52c\/32.png\" alt=\"\ud83d\udc69\u200d\ud83d\udd2c\" data-emoji=\"\ud83d\udc69\u200d\ud83d\udd2c\" aria-label=\"\ud83d\udc69\u200d\ud83d\udd2c\" \/><img decoding=\"async\" class=\"an1\" src=\"https:\/\/fonts.gstatic.com\/s\/e\/notoemoji\/15.0\/1f468_200d_1f52c\/32.png\" alt=\"\ud83d\udc68\u200d\ud83d\udd2c\" data-emoji=\"\ud83d\udc68\u200d\ud83d\udd2c\" aria-label=\"\ud83d\udc68\u200d\ud83d\udd2c\" \/><img decoding=\"async\" class=\"an1\" src=\"https:\/\/fonts.gstatic.com\/s\/e\/notoemoji\/15.0\/1f9ea\/32.png\" alt=\"\ud83e\uddea\" data-emoji=\"\ud83e\uddea\" aria-label=\"\ud83e\uddea\" \/><img decoding=\"async\" class=\"an1\" src=\"https:\/\/fonts.gstatic.com\/s\/e\/notoemoji\/15.0\/1f97d\/32.png\" alt=\"\ud83e\udd7d\" data-emoji=\"\ud83e\udd7d\" aria-label=\"\ud83e\udd7d\" \/><img decoding=\"async\" class=\"an1\" src=\"https:\/\/fonts.gstatic.com\/s\/e\/notoemoji\/15.0\/1f97c\/32.png\" alt=\"\ud83e\udd7c\" data-emoji=\"\ud83e\udd7c\" aria-label=\"\ud83e\udd7c\" \/><\/p>\n<p>Les <strong><a href=\"https:\/\/drive.google.com\/drive\/folders\/10Mp5fXx1XfFP5aYnneHBgrQpuWDk-Odf?usp=share_link\" target=\"_blank\" rel=\"noopener\">imatges<\/a> <\/strong>de la visita.<\/p>\n<p><img loading=\"lazy\" decoding=\"async\" class=\"aligncenter size-full wp-image-4009\" src=\"https:\/\/agora.xtec.cat\/instarragona\/wp-content\/uploads\/usu484\/2023\/03\/Captura-11.jpg\" alt=\"\" width=\"1018\" height=\"824\" srcset=\"https:\/\/agora.xtec.cat\/instarragona\/wp-content\/uploads\/usu484\/2023\/03\/Captura-11.jpg 1018w, https:\/\/agora.xtec.cat\/instarragona\/wp-content\/uploads\/usu484\/2023\/03\/Captura-11-300x243.jpg 300w, https:\/\/agora.xtec.cat\/instarragona\/wp-content\/uploads\/usu484\/2023\/03\/Captura-11-768x622.jpg 768w\" sizes=\"auto, (max-width: 1018px) 100vw, 1018px\" \/><\/p>\n","protected":false},"excerpt":{"rendered":"<p>L\u2019alumnat de 1r de Batxillerat de Qu\u00edmica ha visitat els laboratoris de <a href=\"https:\/\/www.iciq.org\/outreach\/?lang=cat\" target=\"_blank\" rel=\"noopener\">l\u2019ICIQ <\/a>(Institut Catal\u00e0 d\u2019Investigaci\u00f3 Qu\u00edmica). Ha experimentat i conegut la qu\u00edmica de la m\u00e0 dels investigadors en un entorn d\u2019excel\u00b7l\u00e8ncia cient\u00edfica. Una experi\u00e8ncia molt enriquidora.\u00a0<br \/>\nLes <a href=\"https:\/\/drive.google.com\/drive\/folders\/10Mp5fXx1XfFP5aYnneHBgrQpuWDk-Odf?usp=share_link\" target=\"_blank\" rel=\"noopener\">imatges<\/a> de&hellip;  <a href=\"https:\/\/agora.xtec.cat\/instarragona\/batxillerat\/sortida-a-liciq\/\" title=\"Read Sortida a l&#8217;ICIQ\">Llegeix m\u00e9s\u00bb<\/a><\/p>\n","protected":false},"author":1,"featured_media":4008,"comment_status":"open","ping_status":"closed","sticky":false,"template":"","format":"standard","meta":{"_bbp_topic_count":0,"_bbp_reply_count":0,"_bbp_total_topic_count":0,"_bbp_total_reply_count":0,"_bbp_voice_count":0,"_bbp_anonymous_reply_count":0,"_bbp_topic_count_hidden":0,"_bbp_reply_count_hidden":0,"_bbp_forum_subforum_count":0,"footnotes":""},"categories":[8,29],"tags":[116,39],"class_list":["post-4007","post","type-post","status-publish","format-standard","has-post-thumbnail","hentry","category-batxillerat","category-portada","tag-ciencies","tag-sortides"],"post_mailing_queue_ids":[],"_links":{"self":[{"href":"https:\/\/agora.xtec.cat\/instarragona\/wp-json\/wp\/v2\/posts\/4007","targetHints":{"allow":["GET"]}}],"collection":[{"href":"https:\/\/agora.xtec.cat\/instarragona\/wp-json\/wp\/v2\/posts"}],"about":[{"href":"https:\/\/agora.xtec.cat\/instarragona\/wp-json\/wp\/v2\/types\/post"}],"author":[{"embeddable":true,"href":"https:\/\/agora.xtec.cat\/instarragona\/wp-json\/wp\/v2\/users\/1"}],"replies":[{"embeddable":true,"href":"https:\/\/agora.xtec.cat\/instarragona\/wp-json\/wp\/v2\/comments?post=4007"}],"version-history":[{"count":2,"href":"https:\/\/agora.xtec.cat\/instarragona\/wp-json\/wp\/v2\/posts\/4007\/revisions"}],"predecessor-version":[{"id":4105,"href":"https:\/\/agora.xtec.cat\/instarragona\/wp-json\/wp\/v2\/posts\/4007\/revisions\/4105"}],"wp:featuredmedia":[{"embeddable":true,"href":"https:\/\/agora.xtec.cat\/instarragona\/wp-json\/wp\/v2\/media\/4008"}],"wp:attachment":[{"href":"https:\/\/agora.xtec.cat\/instarragona\/wp-json\/wp\/v2\/media?parent=4007"}],"wp:term":[{"taxonomy":"category","embeddable":true,"href":"https:\/\/agora.xtec.cat\/instarragona\/wp-json\/wp\/v2\/categories?post=4007"},{"taxonomy":"post_tag","embeddable":true,"href":"https:\/\/agora.xtec.cat\/instarragona\/wp-json\/wp\/v2\/tags?post=4007"}],"curies":[{"name":"wp","href":"https:\/\/api.w.org\/{rel}","templated":true}]}}