{"id":4002,"date":"2023-03-15T10:33:00","date_gmt":"2023-03-15T09:33:00","guid":{"rendered":"https:\/\/agora.xtec.cat\/instarragona\/?p=4002"},"modified":"2023-03-15T10:34:03","modified_gmt":"2023-03-15T09:34:03","slug":"projecte-setmana-de-la-igualtat","status":"publish","type":"post","link":"https:\/\/agora.xtec.cat\/instarragona\/eso\/projecte-setmana-de-la-igualtat\/","title":{"rendered":"Projecte Setmana de la igualtat"},"content":{"rendered":"<p>Cada any pels voltants del 8 de mar\u00e7 i des dels Departaments de ci\u00e8ncies socials, visual i pl\u00e0stica i m\u00fasica es promou la setmana de la igualtat.<\/p>\n<p style=\"text-align: left;\">L&#8217;alumnat d&#8217;ESO, des de 1r a 3r, s&#8217;afrontar\u00e0 a diferents reptes que hauran de solucionar mitjan\u00e7ant el treball en equip i la pressa de dedicions.<\/p>\n<p style=\"text-align: left;\">A 1r d&#8217;ESO els contes de tota la vida ens han servit de base per fer-ne una actualitzaci\u00f3 en visi\u00f3 femenina. Com els podem modernitzar? Quin final els hi donem? Passar la hist\u00f2ria a teatre i fer-ne un rap tamb\u00e9 ha estat una gran proposta.<\/p>\n<p style=\"text-align: left;\">Els de 2n han treballat els rols de la dona al llarg de la hist\u00f2ria i els han comparat en els que tenim actualment. Hi ha coses que han canviat, sens dubte i d&#8217;altres&#8230; potser encara han de canviar m\u00e9s, oi?<\/p>\n<p style=\"text-align: left;\">A 3r hem entrevistats a les \u00e0vies i hem vist com ha canviat la situaci\u00f3 de la dona del segle XX al segle XXI.<\/p>\n<table style=\"border-collapse: collapse; width: 100%;\">\n<tbody>\n<tr>\n<td style=\"width: 50%;\"><img loading=\"lazy\" decoding=\"async\" class=\"aligncenter size-full wp-image-4018\" src=\"https:\/\/agora.xtec.cat\/instarragona\/wp-content\/uploads\/usu484\/2023\/03\/Captura1.jpg\" alt=\"\" width=\"1105\" height=\"663\" srcset=\"https:\/\/agora.xtec.cat\/instarragona\/wp-content\/uploads\/usu484\/2023\/03\/Captura1.jpg 1105w, https:\/\/agora.xtec.cat\/instarragona\/wp-content\/uploads\/usu484\/2023\/03\/Captura1-300x180.jpg 300w, https:\/\/agora.xtec.cat\/instarragona\/wp-content\/uploads\/usu484\/2023\/03\/Captura1-1024x614.jpg 1024w, https:\/\/agora.xtec.cat\/instarragona\/wp-content\/uploads\/usu484\/2023\/03\/Captura1-768x461.jpg 768w\" sizes=\"auto, (max-width: 1105px) 100vw, 1105px\" \/><\/td>\n<td style=\"width: 50%;\"><img loading=\"lazy\" decoding=\"async\" class=\"aligncenter size-full wp-image-4019\" src=\"https:\/\/agora.xtec.cat\/instarragona\/wp-content\/uploads\/usu484\/2023\/03\/Captura-14.jpg\" alt=\"\" width=\"1053\" height=\"773\" srcset=\"https:\/\/agora.xtec.cat\/instarragona\/wp-content\/uploads\/usu484\/2023\/03\/Captura-14.jpg 1053w, https:\/\/agora.xtec.cat\/instarragona\/wp-content\/uploads\/usu484\/2023\/03\/Captura-14-300x220.jpg 300w, https:\/\/agora.xtec.cat\/instarragona\/wp-content\/uploads\/usu484\/2023\/03\/Captura-14-1024x752.jpg 1024w, https:\/\/agora.xtec.cat\/instarragona\/wp-content\/uploads\/usu484\/2023\/03\/Captura-14-768x564.jpg 768w\" sizes=\"auto, (max-width: 1053px) 100vw, 1053px\" \/><\/td>\n<\/tr>\n<tr>\n<td style=\"width: 50%;\"><img loading=\"lazy\" decoding=\"async\" class=\"aligncenter wp-image-4004\" src=\"https:\/\/agora.xtec.cat\/instarragona\/wp-content\/uploads\/usu484\/2023\/03\/Captura-9.jpg\" alt=\"\" width=\"684\" height=\"360\" srcset=\"https:\/\/agora.xtec.cat\/instarragona\/wp-content\/uploads\/usu484\/2023\/03\/Captura-9.jpg 769w, https:\/\/agora.xtec.cat\/instarragona\/wp-content\/uploads\/usu484\/2023\/03\/Captura-9-300x158.jpg 300w\" sizes=\"auto, (max-width: 684px) 100vw, 684px\" \/><\/td>\n<td style=\"width: 50%;\"><img loading=\"lazy\" decoding=\"async\" class=\"aligncenter wp-image-4003\" src=\"https:\/\/agora.xtec.cat\/instarragona\/wp-content\/uploads\/usu484\/2023\/03\/Captura-8.jpg\" alt=\"\" width=\"639\" height=\"377\" srcset=\"https:\/\/agora.xtec.cat\/instarragona\/wp-content\/uploads\/usu484\/2023\/03\/Captura-8.jpg 731w, https:\/\/agora.xtec.cat\/instarragona\/wp-content\/uploads\/usu484\/2023\/03\/Captura-8-300x177.jpg 300w\" sizes=\"auto, (max-width: 639px) 100vw, 639px\" \/><\/td>\n<\/tr>\n<tr>\n<td style=\"width: 50%;\"><img loading=\"lazy\" decoding=\"async\" class=\"aligncenter size-full wp-image-4020\" src=\"https:\/\/agora.xtec.cat\/instarragona\/wp-content\/uploads\/usu484\/2023\/03\/Captura1-1.jpg\" alt=\"\" width=\"953\" height=\"612\" srcset=\"https:\/\/agora.xtec.cat\/instarragona\/wp-content\/uploads\/usu484\/2023\/03\/Captura1-1.jpg 953w, https:\/\/agora.xtec.cat\/instarragona\/wp-content\/uploads\/usu484\/2023\/03\/Captura1-1-300x193.jpg 300w, https:\/\/agora.xtec.cat\/instarragona\/wp-content\/uploads\/usu484\/2023\/03\/Captura1-1-768x493.jpg 768w\" sizes=\"auto, (max-width: 953px) 100vw, 953px\" \/><\/td>\n<td style=\"width: 50%;\"><img loading=\"lazy\" decoding=\"async\" class=\"aligncenter size-full wp-image-4022\" src=\"https:\/\/agora.xtec.cat\/instarragona\/wp-content\/uploads\/usu484\/2023\/03\/Captura1-3.jpg\" alt=\"\" width=\"685\" height=\"373\" srcset=\"https:\/\/agora.xtec.cat\/instarragona\/wp-content\/uploads\/usu484\/2023\/03\/Captura1-3.jpg 685w, https:\/\/agora.xtec.cat\/instarragona\/wp-content\/uploads\/usu484\/2023\/03\/Captura1-3-300x163.jpg 300w\" sizes=\"auto, (max-width: 685px) 100vw, 685px\" \/><\/td>\n<\/tr>\n<\/tbody>\n<\/table>\n<p>M\u00e9s <a href=\"https:\/\/drive.google.com\/drive\/folders\/1gaDzEwwLpLchX3lZZq7Lz_CihMOJmh63?usp=share_link\" target=\"_blank\" rel=\"noopener\"><strong>imatges<\/strong><\/a><\/p>\n<p>&nbsp;<\/p>\n","protected":false},"excerpt":{"rendered":"<p>Cada any pels voltants del 8 de mar\u00e7 i des dels Departaments de ci\u00e8ncies socials, visual i pl\u00e0stica i m\u00fasica es promou la setmana de la igualtat.<br \/>\nL&#8217;alumnat d&#8217;ESO, des de 1r a 3r, s&#8217;afrontar\u00e0 a diferents reptes que hauran de solucionar mitjan\u00e7ant el treball en&hellip;  <a href=\"https:\/\/agora.xtec.cat\/instarragona\/eso\/projecte-setmana-de-la-igualtat\/\" title=\"Read Projecte Setmana de la igualtat\">Llegeix m\u00e9s\u00bb<\/a><\/p>\n","protected":false},"author":1,"featured_media":4019,"comment_status":"open","ping_status":"closed","sticky":false,"template":"","format":"standard","meta":{"_bbp_topic_count":0,"_bbp_reply_count":0,"_bbp_total_topic_count":0,"_bbp_total_reply_count":0,"_bbp_voice_count":0,"_bbp_anonymous_reply_count":0,"_bbp_topic_count_hidden":0,"_bbp_reply_count_hidden":0,"_bbp_forum_subforum_count":0,"footnotes":""},"categories":[3,29,100],"tags":[99],"class_list":["post-4002","post","type-post","status-publish","format-standard","has-post-thumbnail","hentry","category-eso","category-portada","category-projectes","tag-projectes"],"post_mailing_queue_ids":[],"_links":{"self":[{"href":"https:\/\/agora.xtec.cat\/instarragona\/wp-json\/wp\/v2\/posts\/4002","targetHints":{"allow":["GET"]}}],"collection":[{"href":"https:\/\/agora.xtec.cat\/instarragona\/wp-json\/wp\/v2\/posts"}],"about":[{"href":"https:\/\/agora.xtec.cat\/instarragona\/wp-json\/wp\/v2\/types\/post"}],"author":[{"embeddable":true,"href":"https:\/\/agora.xtec.cat\/instarragona\/wp-json\/wp\/v2\/users\/1"}],"replies":[{"embeddable":true,"href":"https:\/\/agora.xtec.cat\/instarragona\/wp-json\/wp\/v2\/comments?post=4002"}],"version-history":[{"count":3,"href":"https:\/\/agora.xtec.cat\/instarragona\/wp-json\/wp\/v2\/posts\/4002\/revisions"}],"predecessor-version":[{"id":4024,"href":"https:\/\/agora.xtec.cat\/instarragona\/wp-json\/wp\/v2\/posts\/4002\/revisions\/4024"}],"wp:featuredmedia":[{"embeddable":true,"href":"https:\/\/agora.xtec.cat\/instarragona\/wp-json\/wp\/v2\/media\/4019"}],"wp:attachment":[{"href":"https:\/\/agora.xtec.cat\/instarragona\/wp-json\/wp\/v2\/media?parent=4002"}],"wp:term":[{"taxonomy":"category","embeddable":true,"href":"https:\/\/agora.xtec.cat\/instarragona\/wp-json\/wp\/v2\/categories?post=4002"},{"taxonomy":"post_tag","embeddable":true,"href":"https:\/\/agora.xtec.cat\/instarragona\/wp-json\/wp\/v2\/tags?post=4002"}],"curies":[{"name":"wp","href":"https:\/\/api.w.org\/{rel}","templated":true}]}}