{"id":3998,"date":"2023-03-13T13:28:19","date_gmt":"2023-03-13T12:28:19","guid":{"rendered":"https:\/\/agora.xtec.cat\/instarragona\/?p=3998"},"modified":"2023-03-13T13:28:31","modified_gmt":"2023-03-13T12:28:31","slug":"concurs-de-joves-talents","status":"publish","type":"post","link":"https:\/\/agora.xtec.cat\/instarragona\/eso\/eso-2\/concurs-de-joves-talents\/","title":{"rendered":"Concurs de Joves talents"},"content":{"rendered":"<p>16 alumnes de 2n d&#8217;ESO han participat enguany en la 45a edici\u00f3 del <strong><a href=\"https:\/\/www.fundacioncocacola.com\/concurso-jovenes-talentos\" target=\"_blank\" rel=\"noopener\">concurs de joves talents<\/a><\/strong> de relat breu de la Coca-cola. La competici\u00f3 continua celebrant-se en l\u00ednia com els darrers anys i \u00e9s molt emocionant pensar que un bon grapat de joves de tota Catalunya estan concursant alhora. Ja us en donarem els resultats!<\/p>\n<p><img loading=\"lazy\" decoding=\"async\" class=\"aligncenter size-full wp-image-4000\" src=\"https:\/\/agora.xtec.cat\/instarragona\/wp-content\/uploads\/usu484\/2023\/03\/1678702998299.jpg\" alt=\"\" width=\"2048\" height=\"1536\" srcset=\"https:\/\/agora.xtec.cat\/instarragona\/wp-content\/uploads\/usu484\/2023\/03\/1678702998299.jpg 2048w, https:\/\/agora.xtec.cat\/instarragona\/wp-content\/uploads\/usu484\/2023\/03\/1678702998299-300x225.jpg 300w, https:\/\/agora.xtec.cat\/instarragona\/wp-content\/uploads\/usu484\/2023\/03\/1678702998299-1024x768.jpg 1024w, https:\/\/agora.xtec.cat\/instarragona\/wp-content\/uploads\/usu484\/2023\/03\/1678702998299-768x576.jpg 768w, https:\/\/agora.xtec.cat\/instarragona\/wp-content\/uploads\/usu484\/2023\/03\/1678702998299-1536x1152.jpg 1536w, https:\/\/agora.xtec.cat\/instarragona\/wp-content\/uploads\/usu484\/2023\/03\/1678702998299-200x150.jpg 200w\" sizes=\"auto, (max-width: 2048px) 100vw, 2048px\" \/><\/p>\n","protected":false},"excerpt":{"rendered":"<p>16 alumnes de 2n d&#8217;ESO han participat enguany en la 45a edici\u00f3 del <a href=\"https:\/\/www.fundacioncocacola.com\/concurso-jovenes-talentos\" target=\"_blank\" rel=\"noopener\">concurs de joves talents<\/a> de relat breu de la Coca-cola. La competici\u00f3 continua celebrant-se en l\u00ednia com els darrers anys i \u00e9s molt emocionant pensar que un bon grapat&hellip;  <a href=\"https:\/\/agora.xtec.cat\/instarragona\/eso\/eso-2\/concurs-de-joves-talents\/\" title=\"Read Concurs de Joves talents\">Llegeix m\u00e9s\u00bb<\/a><\/p>\n","protected":false},"author":1,"featured_media":3999,"comment_status":"open","ping_status":"closed","sticky":false,"template":"","format":"standard","meta":{"_bbp_topic_count":0,"_bbp_reply_count":0,"_bbp_total_topic_count":0,"_bbp_total_reply_count":0,"_bbp_voice_count":0,"_bbp_anonymous_reply_count":0,"_bbp_topic_count_hidden":0,"_bbp_reply_count_hidden":0,"_bbp_forum_subforum_count":0,"footnotes":""},"categories":[5,29],"tags":[119,104],"class_list":["post-3998","post","type-post","status-publish","format-standard","has-post-thumbnail","hentry","category-eso-2","category-portada","tag-catala","tag-concursos"],"post_mailing_queue_ids":[],"_links":{"self":[{"href":"https:\/\/agora.xtec.cat\/instarragona\/wp-json\/wp\/v2\/posts\/3998","targetHints":{"allow":["GET"]}}],"collection":[{"href":"https:\/\/agora.xtec.cat\/instarragona\/wp-json\/wp\/v2\/posts"}],"about":[{"href":"https:\/\/agora.xtec.cat\/instarragona\/wp-json\/wp\/v2\/types\/post"}],"author":[{"embeddable":true,"href":"https:\/\/agora.xtec.cat\/instarragona\/wp-json\/wp\/v2\/users\/1"}],"replies":[{"embeddable":true,"href":"https:\/\/agora.xtec.cat\/instarragona\/wp-json\/wp\/v2\/comments?post=3998"}],"version-history":[{"count":1,"href":"https:\/\/agora.xtec.cat\/instarragona\/wp-json\/wp\/v2\/posts\/3998\/revisions"}],"predecessor-version":[{"id":4001,"href":"https:\/\/agora.xtec.cat\/instarragona\/wp-json\/wp\/v2\/posts\/3998\/revisions\/4001"}],"wp:featuredmedia":[{"embeddable":true,"href":"https:\/\/agora.xtec.cat\/instarragona\/wp-json\/wp\/v2\/media\/3999"}],"wp:attachment":[{"href":"https:\/\/agora.xtec.cat\/instarragona\/wp-json\/wp\/v2\/media?parent=3998"}],"wp:term":[{"taxonomy":"category","embeddable":true,"href":"https:\/\/agora.xtec.cat\/instarragona\/wp-json\/wp\/v2\/categories?post=3998"},{"taxonomy":"post_tag","embeddable":true,"href":"https:\/\/agora.xtec.cat\/instarragona\/wp-json\/wp\/v2\/tags?post=3998"}],"curies":[{"name":"wp","href":"https:\/\/api.w.org\/{rel}","templated":true}]}}