{"id":3995,"date":"2023-03-13T13:24:39","date_gmt":"2023-03-13T12:24:39","guid":{"rendered":"https:\/\/agora.xtec.cat\/instarragona\/?p=3995"},"modified":"2023-03-13T13:24:39","modified_gmt":"2023-03-13T12:24:39","slug":"ens-anem-preparant","status":"publish","type":"post","link":"https:\/\/agora.xtec.cat\/instarragona\/eso\/eso-1\/ens-anem-preparant\/","title":{"rendered":"Ens anem preparant&#8230;"},"content":{"rendered":"<p>Com que a primer d&#8217;ESO vam llegir l&#8217;obra de teatre\u00a0<i>Mar i Cel<\/i>, el proper 20 de mar\u00e7 anirem a visitar la casa museu d&#8217;\u00c0ngel Guimer\u00e0, l&#8217;autor del drama. \u00c9s per aix\u00f2 que hem aprofitat per fer un treball col\u00b7laboratiu d&#8217;investigaci\u00f3 sobre l&#8217;autor i hem decorat la classe amb les nostres descobertes. Tamb\u00e9 aprofitarem la visita al Vendrell per visitar la casa nadiua de Pau Casals.<\/p>\n<p><img loading=\"lazy\" decoding=\"async\" class=\"aligncenter  wp-image-3996\" src=\"https:\/\/agora.xtec.cat\/instarragona\/wp-content\/uploads\/usu484\/2023\/03\/IMG-3206-scaled.jpg\" alt=\"\" width=\"693\" height=\"520\" srcset=\"https:\/\/agora.xtec.cat\/instarragona\/wp-content\/uploads\/usu484\/2023\/03\/IMG-3206-scaled.jpg 2560w, https:\/\/agora.xtec.cat\/instarragona\/wp-content\/uploads\/usu484\/2023\/03\/IMG-3206-300x225.jpg 300w, https:\/\/agora.xtec.cat\/instarragona\/wp-content\/uploads\/usu484\/2023\/03\/IMG-3206-1024x768.jpg 1024w, https:\/\/agora.xtec.cat\/instarragona\/wp-content\/uploads\/usu484\/2023\/03\/IMG-3206-768x576.jpg 768w, https:\/\/agora.xtec.cat\/instarragona\/wp-content\/uploads\/usu484\/2023\/03\/IMG-3206-1536x1152.jpg 1536w, https:\/\/agora.xtec.cat\/instarragona\/wp-content\/uploads\/usu484\/2023\/03\/IMG-3206-2048x1536.jpg 2048w, https:\/\/agora.xtec.cat\/instarragona\/wp-content\/uploads\/usu484\/2023\/03\/IMG-3206-200x150.jpg 200w\" sizes=\"auto, (max-width: 693px) 100vw, 693px\" \/><\/p>\n","protected":false},"excerpt":{"rendered":"<p>Com que a primer d&#8217;ESO vam llegir l&#8217;obra de teatre\u00a0Mar i Cel, el proper 20 de mar\u00e7 anirem a visitar la casa museu d&#8217;\u00c0ngel Guimer\u00e0, l&#8217;autor del drama. \u00c9s per aix\u00f2 que hem aprofitat per fer un treball col\u00b7laboratiu d&#8217;investigaci\u00f3 sobre l&#8217;autor i hem decorat&hellip;  <a href=\"https:\/\/agora.xtec.cat\/instarragona\/eso\/eso-1\/ens-anem-preparant\/\" title=\"Read Ens anem preparant&#8230;\">Llegeix m\u00e9s\u00bb<\/a><\/p>\n","protected":false},"author":1,"featured_media":3996,"comment_status":"open","ping_status":"closed","sticky":false,"template":"","format":"standard","meta":{"_bbp_topic_count":0,"_bbp_reply_count":0,"_bbp_total_topic_count":0,"_bbp_total_reply_count":0,"_bbp_voice_count":0,"_bbp_anonymous_reply_count":0,"_bbp_topic_count_hidden":0,"_bbp_reply_count_hidden":0,"_bbp_forum_subforum_count":0,"footnotes":""},"categories":[4,29],"tags":[119],"class_list":["post-3995","post","type-post","status-publish","format-standard","has-post-thumbnail","hentry","category-eso-1","category-portada","tag-catala"],"post_mailing_queue_ids":[],"_links":{"self":[{"href":"https:\/\/agora.xtec.cat\/instarragona\/wp-json\/wp\/v2\/posts\/3995","targetHints":{"allow":["GET"]}}],"collection":[{"href":"https:\/\/agora.xtec.cat\/instarragona\/wp-json\/wp\/v2\/posts"}],"about":[{"href":"https:\/\/agora.xtec.cat\/instarragona\/wp-json\/wp\/v2\/types\/post"}],"author":[{"embeddable":true,"href":"https:\/\/agora.xtec.cat\/instarragona\/wp-json\/wp\/v2\/users\/1"}],"replies":[{"embeddable":true,"href":"https:\/\/agora.xtec.cat\/instarragona\/wp-json\/wp\/v2\/comments?post=3995"}],"version-history":[{"count":1,"href":"https:\/\/agora.xtec.cat\/instarragona\/wp-json\/wp\/v2\/posts\/3995\/revisions"}],"predecessor-version":[{"id":3997,"href":"https:\/\/agora.xtec.cat\/instarragona\/wp-json\/wp\/v2\/posts\/3995\/revisions\/3997"}],"wp:featuredmedia":[{"embeddable":true,"href":"https:\/\/agora.xtec.cat\/instarragona\/wp-json\/wp\/v2\/media\/3996"}],"wp:attachment":[{"href":"https:\/\/agora.xtec.cat\/instarragona\/wp-json\/wp\/v2\/media?parent=3995"}],"wp:term":[{"taxonomy":"category","embeddable":true,"href":"https:\/\/agora.xtec.cat\/instarragona\/wp-json\/wp\/v2\/categories?post=3995"},{"taxonomy":"post_tag","embeddable":true,"href":"https:\/\/agora.xtec.cat\/instarragona\/wp-json\/wp\/v2\/tags?post=3995"}],"curies":[{"name":"wp","href":"https:\/\/api.w.org\/{rel}","templated":true}]}}