{"id":3960,"date":"2023-03-07T12:19:05","date_gmt":"2023-03-07T11:19:05","guid":{"rendered":"https:\/\/agora.xtec.cat\/instarragona\/?p=3960"},"modified":"2023-03-15T10:50:18","modified_gmt":"2023-03-15T09:50:18","slug":"lenginyer-electric","status":"publish","type":"post","link":"https:\/\/agora.xtec.cat\/instarragona\/batxillerat\/lenginyer-electric\/","title":{"rendered":"L&#8217;enginyeria el\u00e8ctrica"},"content":{"rendered":"<p>Con\u00e8ixer de primera m\u00e0 la feina que fa un enginyer\/a el\u00e8ctric\/a. Quines s\u00f3n les seves tasques professionals, les sortides en el mercat laboral&#8230; Des de la mat\u00e8ria de Tecnologia i lligat al programa d&#8217;orientaci\u00f3 acad\u00e8mica i professional del nostre centre hem engegat noves xerrades t\u00e8cniques per l&#8217;alumnat de 1r de Batxillerat.<\/p>\n<p>Aquest cop ens han visitat dos professionals, un t\u00e8cnic responsable de projectes i una responsable de recursos humans, de l&#8217;empresa <strong><a href=\"https:\/\/www.fluor.com\/\" target=\"_blank\" rel=\"noopener\">Fluor<\/a><\/strong>, companyia d&#8217;\u00e0mbit internacional instal.lada a Tarragona, la qual realitza projectes de tota mena relacionats en l&#8217;\u00e0mbit de l&#8217;enginyeria (civil, el\u00e8ctrica, estructural&#8230;), disseny de processos, fabricaci\u00f3 i manteniment d&#8217;instal\u00b7lacions.<\/p>\n<p>No podem estar m\u00e9s agra\u00efs!<\/p>\n<p><img loading=\"lazy\" decoding=\"async\" class=\"aligncenter size-full wp-image-3961\" src=\"https:\/\/agora.xtec.cat\/instarragona\/wp-content\/uploads\/usu484\/2023\/03\/Captura-2.jpg\" alt=\"\" width=\"664\" height=\"440\" srcset=\"https:\/\/agora.xtec.cat\/instarragona\/wp-content\/uploads\/usu484\/2023\/03\/Captura-2.jpg 664w, https:\/\/agora.xtec.cat\/instarragona\/wp-content\/uploads\/usu484\/2023\/03\/Captura-2-300x199.jpg 300w\" sizes=\"auto, (max-width: 664px) 100vw, 664px\" \/><\/p>\n","protected":false},"excerpt":{"rendered":"<p>Con\u00e8ixer de primera m\u00e0 la feina que fa un enginyer\/a el\u00e8ctric\/a. Quines s\u00f3n les seves tasques professionals, les sortides en el mercat laboral&#8230; Des de la mat\u00e8ria de Tecnologia i lligat al programa d&#8217;orientaci\u00f3 acad\u00e8mica i professional del nostre centre hem engegat noves xerrades t\u00e8cniques&hellip;  <a href=\"https:\/\/agora.xtec.cat\/instarragona\/batxillerat\/lenginyer-electric\/\" title=\"Read L&#8217;enginyeria el\u00e8ctrica\">Llegeix m\u00e9s\u00bb<\/a><\/p>\n","protected":false},"author":1,"featured_media":3966,"comment_status":"open","ping_status":"closed","sticky":false,"template":"","format":"standard","meta":{"_bbp_topic_count":0,"_bbp_reply_count":0,"_bbp_total_topic_count":0,"_bbp_total_reply_count":0,"_bbp_voice_count":0,"_bbp_anonymous_reply_count":0,"_bbp_topic_count_hidden":0,"_bbp_reply_count_hidden":0,"_bbp_forum_subforum_count":0,"footnotes":""},"categories":[8,29],"tags":[102,110],"class_list":["post-3960","post","type-post","status-publish","format-standard","has-post-thumbnail","hentry","category-batxillerat","category-portada","tag-orientacio","tag-tecnologia"],"post_mailing_queue_ids":[],"_links":{"self":[{"href":"https:\/\/agora.xtec.cat\/instarragona\/wp-json\/wp\/v2\/posts\/3960","targetHints":{"allow":["GET"]}}],"collection":[{"href":"https:\/\/agora.xtec.cat\/instarragona\/wp-json\/wp\/v2\/posts"}],"about":[{"href":"https:\/\/agora.xtec.cat\/instarragona\/wp-json\/wp\/v2\/types\/post"}],"author":[{"embeddable":true,"href":"https:\/\/agora.xtec.cat\/instarragona\/wp-json\/wp\/v2\/users\/1"}],"replies":[{"embeddable":true,"href":"https:\/\/agora.xtec.cat\/instarragona\/wp-json\/wp\/v2\/comments?post=3960"}],"version-history":[{"count":3,"href":"https:\/\/agora.xtec.cat\/instarragona\/wp-json\/wp\/v2\/posts\/3960\/revisions"}],"predecessor-version":[{"id":4027,"href":"https:\/\/agora.xtec.cat\/instarragona\/wp-json\/wp\/v2\/posts\/3960\/revisions\/4027"}],"wp:featuredmedia":[{"embeddable":true,"href":"https:\/\/agora.xtec.cat\/instarragona\/wp-json\/wp\/v2\/media\/3966"}],"wp:attachment":[{"href":"https:\/\/agora.xtec.cat\/instarragona\/wp-json\/wp\/v2\/media?parent=3960"}],"wp:term":[{"taxonomy":"category","embeddable":true,"href":"https:\/\/agora.xtec.cat\/instarragona\/wp-json\/wp\/v2\/categories?post=3960"},{"taxonomy":"post_tag","embeddable":true,"href":"https:\/\/agora.xtec.cat\/instarragona\/wp-json\/wp\/v2\/tags?post=3960"}],"curies":[{"name":"wp","href":"https:\/\/api.w.org\/{rel}","templated":true}]}}