{"id":3923,"date":"2023-03-02T10:50:17","date_gmt":"2023-03-02T09:50:17","guid":{"rendered":"https:\/\/agora.xtec.cat\/instarragona\/?p=3923"},"modified":"2023-03-02T10:51:42","modified_gmt":"2023-03-02T09:51:42","slug":"del-museu-a-laula","status":"publish","type":"post","link":"https:\/\/agora.xtec.cat\/instarragona\/eso\/eso-1\/del-museu-a-laula\/","title":{"rendered":"Del museu a l&#8217;aula"},"content":{"rendered":"<p>Aquesta setmana alumnes de 1r d&#8217;ESO realitzen activitats del Museu de Matem\u00e0tiques de Catalunya a l&#8217;aula. S\u00f3n activitats din\u00e0miques categoritzades en cinc grups: c\u00e0lcul, combinat\u00f2ria, estad\u00edstica\/probabilitat, geometria i miscel\u00b7l\u00e0nia<\/p>\n<div dir=\"auto\">Han gaudit manipulant els materials de manera aut\u00f2noma i col\u00b7laborant entre ells.<\/div>\n<div dir=\"auto\"><\/div>\n<div dir=\"auto\"><\/div>\n<div dir=\"auto\"><\/div>\n<div dir=\"auto\">\n<table style=\"border-collapse: collapse; width: 52.5743%;\">\n<tbody>\n<tr>\n<td style=\"width: 28.6077%;\"><img loading=\"lazy\" decoding=\"async\" class=\"aligncenter wp-image-3924\" src=\"https:\/\/agora.xtec.cat\/instarragona\/wp-content\/uploads\/usu484\/2023\/03\/IMG-20230228-WA0013.jpg\" alt=\"\" width=\"302\" height=\"404\" srcset=\"https:\/\/agora.xtec.cat\/instarragona\/wp-content\/uploads\/usu484\/2023\/03\/IMG-20230228-WA0013.jpg 1532w, https:\/\/agora.xtec.cat\/instarragona\/wp-content\/uploads\/usu484\/2023\/03\/IMG-20230228-WA0013-224x300.jpg 224w, https:\/\/agora.xtec.cat\/instarragona\/wp-content\/uploads\/usu484\/2023\/03\/IMG-20230228-WA0013-766x1024.jpg 766w, https:\/\/agora.xtec.cat\/instarragona\/wp-content\/uploads\/usu484\/2023\/03\/IMG-20230228-WA0013-768x1027.jpg 768w, https:\/\/agora.xtec.cat\/instarragona\/wp-content\/uploads\/usu484\/2023\/03\/IMG-20230228-WA0013-1149x1536.jpg 1149w\" sizes=\"auto, (max-width: 302px) 100vw, 302px\" \/><\/td>\n<td style=\"width: 23.9666%;\"><img loading=\"lazy\" decoding=\"async\" class=\"aligncenter wp-image-3925\" src=\"https:\/\/agora.xtec.cat\/instarragona\/wp-content\/uploads\/usu484\/2023\/03\/IMG-20230228-WA0012.jpg\" alt=\"\" width=\"298\" height=\"399\" srcset=\"https:\/\/agora.xtec.cat\/instarragona\/wp-content\/uploads\/usu484\/2023\/03\/IMG-20230228-WA0012.jpg 1532w, https:\/\/agora.xtec.cat\/instarragona\/wp-content\/uploads\/usu484\/2023\/03\/IMG-20230228-WA0012-224x300.jpg 224w, https:\/\/agora.xtec.cat\/instarragona\/wp-content\/uploads\/usu484\/2023\/03\/IMG-20230228-WA0012-766x1024.jpg 766w, https:\/\/agora.xtec.cat\/instarragona\/wp-content\/uploads\/usu484\/2023\/03\/IMG-20230228-WA0012-768x1027.jpg 768w, https:\/\/agora.xtec.cat\/instarragona\/wp-content\/uploads\/usu484\/2023\/03\/IMG-20230228-WA0012-1149x1536.jpg 1149w\" sizes=\"auto, (max-width: 298px) 100vw, 298px\" \/><\/td>\n<\/tr>\n<tr>\n<td style=\"width: 28.6077%;\"><img loading=\"lazy\" decoding=\"async\" class=\"aligncenter wp-image-3926\" src=\"https:\/\/agora.xtec.cat\/instarragona\/wp-content\/uploads\/usu484\/2023\/03\/IMG-20230228-WA0010.jpg\" alt=\"\" width=\"314\" height=\"419\" srcset=\"https:\/\/agora.xtec.cat\/instarragona\/wp-content\/uploads\/usu484\/2023\/03\/IMG-20230228-WA0010.jpg 1532w, https:\/\/agora.xtec.cat\/instarragona\/wp-content\/uploads\/usu484\/2023\/03\/IMG-20230228-WA0010-224x300.jpg 224w, https:\/\/agora.xtec.cat\/instarragona\/wp-content\/uploads\/usu484\/2023\/03\/IMG-20230228-WA0010-766x1024.jpg 766w, https:\/\/agora.xtec.cat\/instarragona\/wp-content\/uploads\/usu484\/2023\/03\/IMG-20230228-WA0010-768x1027.jpg 768w, https:\/\/agora.xtec.cat\/instarragona\/wp-content\/uploads\/usu484\/2023\/03\/IMG-20230228-WA0010-1149x1536.jpg 1149w\" sizes=\"auto, (max-width: 314px) 100vw, 314px\" \/><\/td>\n<td style=\"width: 23.9666%;\"><img loading=\"lazy\" decoding=\"async\" class=\"aligncenter wp-image-3927\" src=\"https:\/\/agora.xtec.cat\/instarragona\/wp-content\/uploads\/usu484\/2023\/03\/IMG-20230228-WA0011.jpg\" alt=\"\" width=\"305\" height=\"408\" srcset=\"https:\/\/agora.xtec.cat\/instarragona\/wp-content\/uploads\/usu484\/2023\/03\/IMG-20230228-WA0011.jpg 1532w, https:\/\/agora.xtec.cat\/instarragona\/wp-content\/uploads\/usu484\/2023\/03\/IMG-20230228-WA0011-224x300.jpg 224w, https:\/\/agora.xtec.cat\/instarragona\/wp-content\/uploads\/usu484\/2023\/03\/IMG-20230228-WA0011-766x1024.jpg 766w, https:\/\/agora.xtec.cat\/instarragona\/wp-content\/uploads\/usu484\/2023\/03\/IMG-20230228-WA0011-768x1027.jpg 768w, https:\/\/agora.xtec.cat\/instarragona\/wp-content\/uploads\/usu484\/2023\/03\/IMG-20230228-WA0011-1149x1536.jpg 1149w\" sizes=\"auto, (max-width: 305px) 100vw, 305px\" \/><\/td>\n<\/tr>\n<\/tbody>\n<\/table>\n<\/div>\n<p>&nbsp;<\/p>\n","protected":false},"excerpt":{"rendered":"<p>Aquesta setmana alumnes de 1r d&#8217;ESO realitzen activitats del Museu de Matem\u00e0tiques de Catalunya a l&#8217;aula. S\u00f3n activitats din\u00e0miques categoritzades en cinc grups: c\u00e0lcul, combinat\u00f2ria, estad\u00edstica\/probabilitat, geometria i miscel\u00b7l\u00e0nia<br \/>\nHan gaudit manipulant els materials de manera aut\u00f2noma i col\u00b7laborant entre ells.<\/p>\n<p>&nbsp;<\/p>\n","protected":false},"author":1,"featured_media":3929,"comment_status":"open","ping_status":"closed","sticky":false,"template":"","format":"standard","meta":{"_bbp_topic_count":0,"_bbp_reply_count":0,"_bbp_total_topic_count":0,"_bbp_total_reply_count":0,"_bbp_voice_count":0,"_bbp_anonymous_reply_count":0,"_bbp_topic_count_hidden":0,"_bbp_reply_count_hidden":0,"_bbp_forum_subforum_count":0,"footnotes":""},"categories":[4,29],"tags":[41],"class_list":["post-3923","post","type-post","status-publish","format-standard","has-post-thumbnail","hentry","category-eso-1","category-portada","tag-matematiques"],"post_mailing_queue_ids":[],"_links":{"self":[{"href":"https:\/\/agora.xtec.cat\/instarragona\/wp-json\/wp\/v2\/posts\/3923","targetHints":{"allow":["GET"]}}],"collection":[{"href":"https:\/\/agora.xtec.cat\/instarragona\/wp-json\/wp\/v2\/posts"}],"about":[{"href":"https:\/\/agora.xtec.cat\/instarragona\/wp-json\/wp\/v2\/types\/post"}],"author":[{"embeddable":true,"href":"https:\/\/agora.xtec.cat\/instarragona\/wp-json\/wp\/v2\/users\/1"}],"replies":[{"embeddable":true,"href":"https:\/\/agora.xtec.cat\/instarragona\/wp-json\/wp\/v2\/comments?post=3923"}],"version-history":[{"count":1,"href":"https:\/\/agora.xtec.cat\/instarragona\/wp-json\/wp\/v2\/posts\/3923\/revisions"}],"predecessor-version":[{"id":3928,"href":"https:\/\/agora.xtec.cat\/instarragona\/wp-json\/wp\/v2\/posts\/3923\/revisions\/3928"}],"wp:featuredmedia":[{"embeddable":true,"href":"https:\/\/agora.xtec.cat\/instarragona\/wp-json\/wp\/v2\/media\/3929"}],"wp:attachment":[{"href":"https:\/\/agora.xtec.cat\/instarragona\/wp-json\/wp\/v2\/media?parent=3923"}],"wp:term":[{"taxonomy":"category","embeddable":true,"href":"https:\/\/agora.xtec.cat\/instarragona\/wp-json\/wp\/v2\/categories?post=3923"},{"taxonomy":"post_tag","embeddable":true,"href":"https:\/\/agora.xtec.cat\/instarragona\/wp-json\/wp\/v2\/tags?post=3923"}],"curies":[{"name":"wp","href":"https:\/\/api.w.org\/{rel}","templated":true}]}}