{"id":3920,"date":"2023-03-02T10:44:52","date_gmt":"2023-03-02T09:44:52","guid":{"rendered":"https:\/\/agora.xtec.cat\/instarragona\/?p=3920"},"modified":"2023-03-02T10:44:52","modified_gmt":"2023-03-02T09:44:52","slug":"que-significa-fer-el-batxillerat","status":"publish","type":"post","link":"https:\/\/agora.xtec.cat\/instarragona\/eso\/eso-4\/que-significa-fer-el-batxillerat\/","title":{"rendered":"Qu\u00e8 significa fer el Batxillerat?"},"content":{"rendered":"<p>Els nostres alumnes de 2n de Batxillerat han passat per les classes de 4t per explicar qu\u00e8 vol dir fer el Batxillerat.\u00a0Qu\u00e8 implica? Quina organitzaci\u00f3 personal es necessita? Quines mat\u00e8ries hi ha? Com van els ex\u00e0mens?&#8230; Mil i un consells per encarar el que a vegades costa tant de decidir, qu\u00e8 vull fer el curs vinent? jo qu\u00e8 trio?<\/p>\n<p>\u00c0nims a tots i no patiu, mica en mica tots acabeu trobant el cam\u00ed.<\/p>\n<p><img loading=\"lazy\" decoding=\"async\" class=\"aligncenter  wp-image-3921\" src=\"https:\/\/agora.xtec.cat\/instarragona\/wp-content\/uploads\/usu484\/2023\/03\/1675974445939.jpg\" alt=\"\" width=\"879\" height=\"527\" srcset=\"https:\/\/agora.xtec.cat\/instarragona\/wp-content\/uploads\/usu484\/2023\/03\/1675974445939.jpg 1143w, https:\/\/agora.xtec.cat\/instarragona\/wp-content\/uploads\/usu484\/2023\/03\/1675974445939-300x180.jpg 300w, https:\/\/agora.xtec.cat\/instarragona\/wp-content\/uploads\/usu484\/2023\/03\/1675974445939-1024x614.jpg 1024w, https:\/\/agora.xtec.cat\/instarragona\/wp-content\/uploads\/usu484\/2023\/03\/1675974445939-768x460.jpg 768w\" sizes=\"auto, (max-width: 879px) 100vw, 879px\" \/><\/p>\n<p>&nbsp;<\/p>\n<p>&nbsp;<\/p>\n","protected":false},"excerpt":{"rendered":"<p>Els nostres alumnes de 2n de Batxillerat han passat per les classes de 4t per explicar qu\u00e8 vol dir fer el Batxillerat.\u00a0Qu\u00e8 implica? Quina organitzaci\u00f3 personal es necessita? Quines mat\u00e8ries hi ha? Com van els ex\u00e0mens?&#8230; Mil i un consells per encarar el que a&hellip;  <a href=\"https:\/\/agora.xtec.cat\/instarragona\/eso\/eso-4\/que-significa-fer-el-batxillerat\/\" title=\"Read Qu\u00e8 significa fer el Batxillerat?\">Llegeix m\u00e9s\u00bb<\/a><\/p>\n","protected":false},"author":1,"featured_media":0,"comment_status":"open","ping_status":"closed","sticky":false,"template":"","format":"standard","meta":{"_bbp_topic_count":0,"_bbp_reply_count":0,"_bbp_total_topic_count":0,"_bbp_total_reply_count":0,"_bbp_voice_count":0,"_bbp_anonymous_reply_count":0,"_bbp_topic_count_hidden":0,"_bbp_reply_count_hidden":0,"_bbp_forum_subforum_count":0,"footnotes":""},"categories":[8,7,29],"tags":[102],"class_list":["post-3920","post","type-post","status-publish","format-standard","hentry","category-batxillerat","category-eso-4","category-portada","tag-orientacio"],"post_mailing_queue_ids":[],"_links":{"self":[{"href":"https:\/\/agora.xtec.cat\/instarragona\/wp-json\/wp\/v2\/posts\/3920","targetHints":{"allow":["GET"]}}],"collection":[{"href":"https:\/\/agora.xtec.cat\/instarragona\/wp-json\/wp\/v2\/posts"}],"about":[{"href":"https:\/\/agora.xtec.cat\/instarragona\/wp-json\/wp\/v2\/types\/post"}],"author":[{"embeddable":true,"href":"https:\/\/agora.xtec.cat\/instarragona\/wp-json\/wp\/v2\/users\/1"}],"replies":[{"embeddable":true,"href":"https:\/\/agora.xtec.cat\/instarragona\/wp-json\/wp\/v2\/comments?post=3920"}],"version-history":[{"count":1,"href":"https:\/\/agora.xtec.cat\/instarragona\/wp-json\/wp\/v2\/posts\/3920\/revisions"}],"predecessor-version":[{"id":3922,"href":"https:\/\/agora.xtec.cat\/instarragona\/wp-json\/wp\/v2\/posts\/3920\/revisions\/3922"}],"wp:attachment":[{"href":"https:\/\/agora.xtec.cat\/instarragona\/wp-json\/wp\/v2\/media?parent=3920"}],"wp:term":[{"taxonomy":"category","embeddable":true,"href":"https:\/\/agora.xtec.cat\/instarragona\/wp-json\/wp\/v2\/categories?post=3920"},{"taxonomy":"post_tag","embeddable":true,"href":"https:\/\/agora.xtec.cat\/instarragona\/wp-json\/wp\/v2\/tags?post=3920"}],"curies":[{"name":"wp","href":"https:\/\/api.w.org\/{rel}","templated":true}]}}