{"id":3909,"date":"2023-03-02T10:20:37","date_gmt":"2023-03-02T09:20:37","guid":{"rendered":"https:\/\/agora.xtec.cat\/instarragona\/?p=3909"},"modified":"2023-03-02T10:20:37","modified_gmt":"2023-03-02T09:20:37","slug":"el-periodisme-i-els-mitjans-de-comunicacio","status":"publish","type":"post","link":"https:\/\/agora.xtec.cat\/instarragona\/batxillerat\/el-periodisme-i-els-mitjans-de-comunicacio\/","title":{"rendered":"El periodisme i els mitjans de comunicaci\u00f3"},"content":{"rendered":"<p style=\"font-family: Arial, Helvetica, sans-serif; font-size: small;\">Fa uns dies, l&#8217;alumnat de 1r de batx B de Comunicaci\u00f3 Audiovisual de l&#8217;INS Tarragona va assistir a la xerrada d\u2019Educaci\u00f3 Medi\u00e0tica del periodista i professor de la URV Francesc Dom\u00e8nec Rull, que va tenir lloc a la Sala Polivalent del centre. A la sessi\u00f3 es va parlar de periodisme i dels mitjans de comunicaci\u00f3, de les<i>\u00a0fake news<\/i>, la desinformaci\u00f3 i la postveritat, aix\u00ed com del codi deontol\u00f2gic period\u00edstic. La xerrada tenia com a objectiu pensar en la manera com ens informem i donar eines per tal de contrastar la informaci\u00f3.<\/p>\n<p style=\"font-family: Arial, Helvetica, sans-serif; font-size: small;\">Les explicacions van aportar elements de reflexi\u00f3 i recursos a l&#8217;alumnat, i van complementar el treball realitzat a l&#8217;assignatura. La sessi\u00f3 va tenir lloc en el marc de les formacions del Col\u00b7legi de Periodistes.<\/p>\n<p><img loading=\"lazy\" decoding=\"async\" class=\"aligncenter  wp-image-3910\" src=\"https:\/\/agora.xtec.cat\/instarragona\/wp-content\/uploads\/usu484\/2023\/03\/Captura.2JPG.jpg\" alt=\"\" width=\"1470\" height=\"718\" srcset=\"https:\/\/agora.xtec.cat\/instarragona\/wp-content\/uploads\/usu484\/2023\/03\/Captura.2JPG.jpg 1470w, https:\/\/agora.xtec.cat\/instarragona\/wp-content\/uploads\/usu484\/2023\/03\/Captura.2JPG-300x147.jpg 300w, https:\/\/agora.xtec.cat\/instarragona\/wp-content\/uploads\/usu484\/2023\/03\/Captura.2JPG-1024x500.jpg 1024w, https:\/\/agora.xtec.cat\/instarragona\/wp-content\/uploads\/usu484\/2023\/03\/Captura.2JPG-768x375.jpg 768w\" sizes=\"auto, (max-width: 1470px) 100vw, 1470px\" \/><\/p>\n","protected":false},"excerpt":{"rendered":"<p>Fa uns dies, l&#8217;alumnat de 1r de batx B de Comunicaci\u00f3 Audiovisual de l&#8217;INS Tarragona va assistir a la xerrada d\u2019Educaci\u00f3 Medi\u00e0tica del periodista i professor de la URV Francesc Dom\u00e8nec Rull, que va tenir lloc a la Sala Polivalent del centre. A la sessi\u00f3&hellip;  <a href=\"https:\/\/agora.xtec.cat\/instarragona\/batxillerat\/el-periodisme-i-els-mitjans-de-comunicacio\/\" title=\"Read El periodisme i els mitjans de comunicaci\u00f3\">Llegeix m\u00e9s\u00bb<\/a><\/p>\n","protected":false},"author":1,"featured_media":3911,"comment_status":"open","ping_status":"closed","sticky":false,"template":"","format":"standard","meta":{"_bbp_topic_count":0,"_bbp_reply_count":0,"_bbp_total_topic_count":0,"_bbp_total_reply_count":0,"_bbp_voice_count":0,"_bbp_anonymous_reply_count":0,"_bbp_topic_count_hidden":0,"_bbp_reply_count_hidden":0,"_bbp_forum_subforum_count":0,"footnotes":""},"categories":[8,29],"tags":[148,44],"class_list":["post-3909","post","type-post","status-publish","format-standard","has-post-thumbnail","hentry","category-batxillerat","category-portada","tag-cultura-audiovisual","tag-xerrades"],"post_mailing_queue_ids":[],"_links":{"self":[{"href":"https:\/\/agora.xtec.cat\/instarragona\/wp-json\/wp\/v2\/posts\/3909","targetHints":{"allow":["GET"]}}],"collection":[{"href":"https:\/\/agora.xtec.cat\/instarragona\/wp-json\/wp\/v2\/posts"}],"about":[{"href":"https:\/\/agora.xtec.cat\/instarragona\/wp-json\/wp\/v2\/types\/post"}],"author":[{"embeddable":true,"href":"https:\/\/agora.xtec.cat\/instarragona\/wp-json\/wp\/v2\/users\/1"}],"replies":[{"embeddable":true,"href":"https:\/\/agora.xtec.cat\/instarragona\/wp-json\/wp\/v2\/comments?post=3909"}],"version-history":[{"count":1,"href":"https:\/\/agora.xtec.cat\/instarragona\/wp-json\/wp\/v2\/posts\/3909\/revisions"}],"predecessor-version":[{"id":3912,"href":"https:\/\/agora.xtec.cat\/instarragona\/wp-json\/wp\/v2\/posts\/3909\/revisions\/3912"}],"wp:featuredmedia":[{"embeddable":true,"href":"https:\/\/agora.xtec.cat\/instarragona\/wp-json\/wp\/v2\/media\/3911"}],"wp:attachment":[{"href":"https:\/\/agora.xtec.cat\/instarragona\/wp-json\/wp\/v2\/media?parent=3909"}],"wp:term":[{"taxonomy":"category","embeddable":true,"href":"https:\/\/agora.xtec.cat\/instarragona\/wp-json\/wp\/v2\/categories?post=3909"},{"taxonomy":"post_tag","embeddable":true,"href":"https:\/\/agora.xtec.cat\/instarragona\/wp-json\/wp\/v2\/tags?post=3909"}],"curies":[{"name":"wp","href":"https:\/\/api.w.org\/{rel}","templated":true}]}}