{"id":3895,"date":"2023-02-27T10:46:59","date_gmt":"2023-02-27T09:46:59","guid":{"rendered":"https:\/\/agora.xtec.cat\/instarragona\/?p=3895"},"modified":"2023-02-27T10:48:57","modified_gmt":"2023-02-27T09:48:57","slug":"i-tu-quin-cami-tries-orientacio-educativa","status":"publish","type":"post","link":"https:\/\/agora.xtec.cat\/instarragona\/eso\/i-tu-quin-cami-tries-orientacio-educativa\/","title":{"rendered":"I tu quin cam\u00ed tries? L&#8217;orientaci\u00f3 de l&#8217;alumnat"},"content":{"rendered":"<p>Des de l&#8217;institut Tarragona, l&#8217;estrat\u00e8gia d&#8217;orientaci\u00f3 acad\u00e8mica i professional, tan a l&#8217;ESO com en el Batxillerat, \u00e9s una activitat rellevant en les tasques d&#8217;organitzaci\u00f3 i coordinaci\u00f3 dels diferents departaments. Despr\u00e9s d&#8217;un curs, el 21-22, de preparaci\u00f3 del projecte Xcelence, aquest curs l&#8217;arrenquem amb for\u00e7a. S\u00f3n moltes les activitats que s&#8217;hi relacionen i des de totes les mat\u00e8ries.<\/p>\n<p>Xcelence \u00e9s un model de refer\u00e8ncia en orientaci\u00f3 desenvolupat per la<a href=\"https:\/\/www.fundacionbertelsmann.org\/\"><strong> Fundaci\u00f3 Bertelsmann<\/strong><\/a> que proporciona una visi\u00f3 innovadora i estrat\u00e8gica als centres educatius<\/p>\n<p>Activitats d&#8217;aula, sortides externes, tasques des de tutoria, xerrades&#8230;. tots a la una per intentar motivar interessos, despertar curiositats i intentar orientar als nostres alumnes de la millor manera cap a un futur engrescador i professionalment ple de possibilitats.<\/p>\n<p>Et recomanem que facis una ullada a l&#8217;apartat d&#8217;<a href=\"https:\/\/agora.xtec.cat\/instarragona\/orientacio\/\"><strong>orientaci\u00f3 educativa<\/strong><\/a> d&#8217;aquesta mateixa web. Hi trobar\u00e0s molta informaci\u00f3.<\/p>\n<p>A continuaci\u00f3 algunes <strong><a href=\"https:\/\/drive.google.com\/drive\/folders\/1haN5NVDJACDSRN9mceY6cs22kpC9JUpD?usp=share_link\">imatges<\/a> <\/strong>de les sortides al Port de Tarragona i del Club de tenis Tarragona amb un dels grups de 4t.<\/p>\n<p><img loading=\"lazy\" decoding=\"async\" class=\"aligncenter wp-image-3896\" src=\"https:\/\/agora.xtec.cat\/instarragona\/wp-content\/uploads\/usu484\/2023\/02\/1677061254005.jpg\" alt=\"\" width=\"964\" height=\"723\" srcset=\"https:\/\/agora.xtec.cat\/instarragona\/wp-content\/uploads\/usu484\/2023\/02\/1677061254005.jpg 2048w, https:\/\/agora.xtec.cat\/instarragona\/wp-content\/uploads\/usu484\/2023\/02\/1677061254005-300x225.jpg 300w, https:\/\/agora.xtec.cat\/instarragona\/wp-content\/uploads\/usu484\/2023\/02\/1677061254005-1024x768.jpg 1024w, https:\/\/agora.xtec.cat\/instarragona\/wp-content\/uploads\/usu484\/2023\/02\/1677061254005-768x576.jpg 768w, https:\/\/agora.xtec.cat\/instarragona\/wp-content\/uploads\/usu484\/2023\/02\/1677061254005-1536x1152.jpg 1536w, https:\/\/agora.xtec.cat\/instarragona\/wp-content\/uploads\/usu484\/2023\/02\/1677061254005-200x150.jpg 200w\" sizes=\"auto, (max-width: 964px) 100vw, 964px\" \/><\/p>\n<p>&nbsp;<\/p>\n<p><img loading=\"lazy\" decoding=\"async\" class=\"aligncenter wp-image-3897\" src=\"https:\/\/agora.xtec.cat\/instarragona\/wp-content\/uploads\/usu484\/2023\/02\/1677061254012.jpg\" alt=\"\" width=\"959\" height=\"720\" srcset=\"https:\/\/agora.xtec.cat\/instarragona\/wp-content\/uploads\/usu484\/2023\/02\/1677061254012.jpg 2048w, https:\/\/agora.xtec.cat\/instarragona\/wp-content\/uploads\/usu484\/2023\/02\/1677061254012-300x225.jpg 300w, https:\/\/agora.xtec.cat\/instarragona\/wp-content\/uploads\/usu484\/2023\/02\/1677061254012-1024x768.jpg 1024w, https:\/\/agora.xtec.cat\/instarragona\/wp-content\/uploads\/usu484\/2023\/02\/1677061254012-768x576.jpg 768w, https:\/\/agora.xtec.cat\/instarragona\/wp-content\/uploads\/usu484\/2023\/02\/1677061254012-1536x1152.jpg 1536w, https:\/\/agora.xtec.cat\/instarragona\/wp-content\/uploads\/usu484\/2023\/02\/1677061254012-200x150.jpg 200w\" sizes=\"auto, (max-width: 959px) 100vw, 959px\" \/><\/p>\n<p>&nbsp;<\/p>\n","protected":false},"excerpt":{"rendered":"<p>Des de l&#8217;institut Tarragona, l&#8217;estrat\u00e8gia d&#8217;orientaci\u00f3 acad\u00e8mica i professional, tan a l&#8217;ESO com en el Batxillerat, \u00e9s una activitat rellevant en les tasques d&#8217;organitzaci\u00f3 i coordinaci\u00f3 dels diferents departaments. Despr\u00e9s d&#8217;un curs, el 21-22, de preparaci\u00f3 del projecte Xcelence, aquest curs l&#8217;arrenquem amb for\u00e7a. S\u00f3n&hellip;  <a href=\"https:\/\/agora.xtec.cat\/instarragona\/eso\/i-tu-quin-cami-tries-orientacio-educativa\/\" title=\"Read I tu quin cam\u00ed tries? L&#8217;orientaci\u00f3 de l&#8217;alumnat\">Llegeix m\u00e9s\u00bb<\/a><\/p>\n","protected":false},"author":1,"featured_media":3897,"comment_status":"open","ping_status":"closed","sticky":false,"template":"","format":"standard","meta":{"_bbp_topic_count":0,"_bbp_reply_count":0,"_bbp_total_topic_count":0,"_bbp_total_reply_count":0,"_bbp_voice_count":0,"_bbp_anonymous_reply_count":0,"_bbp_topic_count_hidden":0,"_bbp_reply_count_hidden":0,"_bbp_forum_subforum_count":0,"footnotes":""},"categories":[8,3,29],"tags":[102],"class_list":["post-3895","post","type-post","status-publish","format-standard","has-post-thumbnail","hentry","category-batxillerat","category-eso","category-portada","tag-orientacio"],"post_mailing_queue_ids":[],"_links":{"self":[{"href":"https:\/\/agora.xtec.cat\/instarragona\/wp-json\/wp\/v2\/posts\/3895","targetHints":{"allow":["GET"]}}],"collection":[{"href":"https:\/\/agora.xtec.cat\/instarragona\/wp-json\/wp\/v2\/posts"}],"about":[{"href":"https:\/\/agora.xtec.cat\/instarragona\/wp-json\/wp\/v2\/types\/post"}],"author":[{"embeddable":true,"href":"https:\/\/agora.xtec.cat\/instarragona\/wp-json\/wp\/v2\/users\/1"}],"replies":[{"embeddable":true,"href":"https:\/\/agora.xtec.cat\/instarragona\/wp-json\/wp\/v2\/comments?post=3895"}],"version-history":[{"count":3,"href":"https:\/\/agora.xtec.cat\/instarragona\/wp-json\/wp\/v2\/posts\/3895\/revisions"}],"predecessor-version":[{"id":3900,"href":"https:\/\/agora.xtec.cat\/instarragona\/wp-json\/wp\/v2\/posts\/3895\/revisions\/3900"}],"wp:featuredmedia":[{"embeddable":true,"href":"https:\/\/agora.xtec.cat\/instarragona\/wp-json\/wp\/v2\/media\/3897"}],"wp:attachment":[{"href":"https:\/\/agora.xtec.cat\/instarragona\/wp-json\/wp\/v2\/media?parent=3895"}],"wp:term":[{"taxonomy":"category","embeddable":true,"href":"https:\/\/agora.xtec.cat\/instarragona\/wp-json\/wp\/v2\/categories?post=3895"},{"taxonomy":"post_tag","embeddable":true,"href":"https:\/\/agora.xtec.cat\/instarragona\/wp-json\/wp\/v2\/tags?post=3895"}],"curies":[{"name":"wp","href":"https:\/\/api.w.org\/{rel}","templated":true}]}}