{"id":3872,"date":"2023-02-16T12:27:36","date_gmt":"2023-02-16T11:27:36","guid":{"rendered":"https:\/\/agora.xtec.cat\/instarragona\/?p=3872"},"modified":"2023-02-16T18:34:43","modified_gmt":"2023-02-16T17:34:43","slug":"esquiada-a-2n-deso","status":"publish","type":"post","link":"https:\/\/agora.xtec.cat\/instarragona\/eso\/eso-2\/esquiada-a-2n-deso\/","title":{"rendered":"Esquiada a 2n d&#8217;ESO"},"content":{"rendered":"<p>Els nostres alumnes de 2n d&#8217;ESO han gaudit d&#8217;uns dies d&#8217;esquiada. Classes, baixades i conviv\u00e8ncia. Un mix brutal per passar-ho d&#8217;all\u00f2 m\u00e9s b\u00e9.<\/p>\n<p><img loading=\"lazy\" decoding=\"async\" class=\"aligncenter size-full wp-image-3890\" src=\"https:\/\/agora.xtec.cat\/instarragona\/wp-content\/uploads\/usu484\/2023\/02\/1676565902598.jpg\" alt=\"\" width=\"1600\" height=\"1200\" srcset=\"https:\/\/agora.xtec.cat\/instarragona\/wp-content\/uploads\/usu484\/2023\/02\/1676565902598.jpg 1600w, https:\/\/agora.xtec.cat\/instarragona\/wp-content\/uploads\/usu484\/2023\/02\/1676565902598-300x225.jpg 300w, https:\/\/agora.xtec.cat\/instarragona\/wp-content\/uploads\/usu484\/2023\/02\/1676565902598-1024x768.jpg 1024w, https:\/\/agora.xtec.cat\/instarragona\/wp-content\/uploads\/usu484\/2023\/02\/1676565902598-768x576.jpg 768w, https:\/\/agora.xtec.cat\/instarragona\/wp-content\/uploads\/usu484\/2023\/02\/1676565902598-1536x1152.jpg 1536w, https:\/\/agora.xtec.cat\/instarragona\/wp-content\/uploads\/usu484\/2023\/02\/1676565902598-200x150.jpg 200w\" sizes=\"auto, (max-width: 1600px) 100vw, 1600px\" \/><\/p>\n<p>&nbsp;<\/p>\n<p><script src=\"https:\/\/cdn.jsdelivr.net\/npm\/publicalbum@latest\/embed-ui.min.js\" async><\/script><\/p>\n<div class=\"pa-gallery-player-widget\" style=\"width: 100%; height: 480px; display: none;\" data-link=\"https:\/\/photos.app.goo.gl\/n2J6NCzmAE7AvEWXA\" data-title=\"22-23 Esquiada 2ESO\" data-description=\"10 new items added to shared album\"><object data=\"https:\/\/lh3.googleusercontent.com\/oVQ0E-LbzM5d4legNDV3SuXnfZ8Wcs3zvGomjhvyobuUGoOVq0uYOcL_lXlvSrWWcJKpSjgsaM66AxYdLJ36bbcAsaLEesnA52AEBM6hEwbE1IX0wdZRXB-7OLe9cmNYuzhcGi9kqg=w1920-h1080\" width=\"300\" height=\"150\"><\/object><br \/>\n<object data=\"https:\/\/lh3.googleusercontent.com\/uK-mf2lq5RC4Xv0Qsmc2WJ_ZxK3U1X0RsQjyoUX7rx-SShMqr8hMy6TMNp-VFY4wy4rxAFCHhH02TC_T9Hur_tnT6ScYN35KaH_kvW9tF-hzhJLYl9hiEHdx7_siu2EaP-V3mlpXAA=w1920-h1080\" width=\"300\" height=\"150\"><\/object><br \/>\n<object data=\"https:\/\/lh3.googleusercontent.com\/3zb9QN0Yop0LVXgvbjgW9_Zpsep8LeWZ5BKSe9b7UVKrP_Z-k3RzO_CYNZxe4nliAEJk-pllKB3Ixy1_ugiRI7XSq5h_4suA-78HA7TiOZn6S9i6HCYkHfYZdeaiSzURJDKb7ht2kw=w1920-h1080\" width=\"300\" height=\"150\"><\/object><br \/>\n<object data=\"https:\/\/lh3.googleusercontent.com\/33U9FRfbl-C3CFqf_qJ73byVai8WZ_78WWMf3Rfp6Tdpz5xrbwMJz8l6-lW6HM_sdgCyTYvPg5ITSi6Jy-7AmxCIYN9rBkVKpIo9CbGZcCelMxZoCvF69bSDDllLy3kCsxOpWiEuog=w1920-h1080\" width=\"300\" height=\"150\"><\/object><br \/>\n<object data=\"https:\/\/lh3.googleusercontent.com\/BJN86lxct6X2oJW5mEabPNjsriw0nSsTxM5R6AZokE8oiXRVmw9ASAcj_Vzae3JiHVZgHUwhMOwjRQdJo1XPnINY-g3xVUfJmwGmRAqt2Lty14cicJvHCtNdtjT6xLrS2X2n2t5FSg=w1920-h1080\" width=\"300\" height=\"150\"><\/object><br \/>\n<object data=\"https:\/\/lh3.googleusercontent.com\/HtVe8rAWTcAvq6SlKAVLTeybyA80hKy8zqMykhW6p_9bCPYT-ZzyU5JZE5Xu8GSeAULu9EZyuk2StySAg0IQNLEJZTrBRfqsjpt3tClZDdxg4KRfHPuFo4vknqzcPFjtgZzUiATmHQ=w1920-h1080\" width=\"300\" height=\"150\"><\/object><br \/>\n<object data=\"https:\/\/lh3.googleusercontent.com\/8WbP0UqZxZhp_yD2lMguhq6cdQyUGtikvXeLCWbNtFuX4Jhv1d_3sKD-FVpc42LpLYJzSyFZwS4VgNlsFzbKWeS-upMaqHMmMNw2gZm6jQKIqpDaBQCIzVN953DEy33SbYhc0bHpig=w1920-h1080\" width=\"300\" height=\"150\"><\/object><br \/>\n<object data=\"https:\/\/lh3.googleusercontent.com\/_AhWXkGmBn4yQ3XNGTSlUYzjtfApMOHP1Wi-KnvcX9UbkuqysHAsROsNb-G83voZ5Z5OhEcTyvKTKJ_kddP0qwnWau9I7_a1HN0pP0DrSRmm-h9rQZxYChziSeAJEekyXuy5aBuVpA=w1920-h1080\" width=\"300\" height=\"150\"><\/object><br \/>\n<object data=\"https:\/\/lh3.googleusercontent.com\/Lvdo9wvP242h0O5pBWMoqxDeg8QdtnHYwf5nmojuYk0ndMp5OekfAg5sd_sAjBLasS6ozJDqDHfe3U_IgByZ1deDjLCDv2fjBC1jB65EnD96NVHLeE9RMg1vk_feeaWBucaVf5fE6Q=w1920-h1080\" width=\"300\" height=\"150\"><\/object><br \/>\n<object data=\"https:\/\/lh3.googleusercontent.com\/7HjFqIcRLqGYQuOf1DHdan2w4NoV_p2fhc4qQr2YloxVfOcOKY8gsA9NlwKhYsxP9Yg53fC2rJI_VSDyerWfWBDJY00zCSiZco9BFtlUfpid7kmMGywNIWTZmV2m25P39kTqv6XGrQ=w1920-h1080\" width=\"300\" height=\"150\"><\/object><\/div>\n<p>&nbsp;<\/p>\n","protected":false},"excerpt":{"rendered":"<p>Els nostres alumnes de 2n d&#8217;ESO han gaudit d&#8217;uns dies d&#8217;esquiada. Classes, baixades i conviv\u00e8ncia. Un mix brutal per passar-ho d&#8217;all\u00f2 m\u00e9s b\u00e9.<\/p>\n<p>&nbsp;<\/p>\n<p>&nbsp;<\/p>\n","protected":false},"author":1,"featured_media":3873,"comment_status":"open","ping_status":"closed","sticky":false,"template":"","format":"standard","meta":{"_bbp_topic_count":0,"_bbp_reply_count":0,"_bbp_total_topic_count":0,"_bbp_total_reply_count":0,"_bbp_voice_count":0,"_bbp_anonymous_reply_count":0,"_bbp_topic_count_hidden":0,"_bbp_reply_count_hidden":0,"_bbp_forum_subforum_count":0,"footnotes":""},"categories":[5,29],"tags":[39],"class_list":["post-3872","post","type-post","status-publish","format-standard","has-post-thumbnail","hentry","category-eso-2","category-portada","tag-sortides"],"post_mailing_queue_ids":[],"_links":{"self":[{"href":"https:\/\/agora.xtec.cat\/instarragona\/wp-json\/wp\/v2\/posts\/3872","targetHints":{"allow":["GET"]}}],"collection":[{"href":"https:\/\/agora.xtec.cat\/instarragona\/wp-json\/wp\/v2\/posts"}],"about":[{"href":"https:\/\/agora.xtec.cat\/instarragona\/wp-json\/wp\/v2\/types\/post"}],"author":[{"embeddable":true,"href":"https:\/\/agora.xtec.cat\/instarragona\/wp-json\/wp\/v2\/users\/1"}],"replies":[{"embeddable":true,"href":"https:\/\/agora.xtec.cat\/instarragona\/wp-json\/wp\/v2\/comments?post=3872"}],"version-history":[{"count":3,"href":"https:\/\/agora.xtec.cat\/instarragona\/wp-json\/wp\/v2\/posts\/3872\/revisions"}],"predecessor-version":[{"id":3891,"href":"https:\/\/agora.xtec.cat\/instarragona\/wp-json\/wp\/v2\/posts\/3872\/revisions\/3891"}],"wp:featuredmedia":[{"embeddable":true,"href":"https:\/\/agora.xtec.cat\/instarragona\/wp-json\/wp\/v2\/media\/3873"}],"wp:attachment":[{"href":"https:\/\/agora.xtec.cat\/instarragona\/wp-json\/wp\/v2\/media?parent=3872"}],"wp:term":[{"taxonomy":"category","embeddable":true,"href":"https:\/\/agora.xtec.cat\/instarragona\/wp-json\/wp\/v2\/categories?post=3872"},{"taxonomy":"post_tag","embeddable":true,"href":"https:\/\/agora.xtec.cat\/instarragona\/wp-json\/wp\/v2\/tags?post=3872"}],"curies":[{"name":"wp","href":"https:\/\/api.w.org\/{rel}","templated":true}]}}