{"id":3844,"date":"2023-02-07T08:44:13","date_gmt":"2023-02-07T07:44:13","guid":{"rendered":"https:\/\/agora.xtec.cat\/instarragona\/?p=3844"},"modified":"2023-02-07T08:44:38","modified_gmt":"2023-02-07T07:44:38","slug":"del-jeroglific-al-whatsapp","status":"publish","type":"post","link":"https:\/\/agora.xtec.cat\/instarragona\/eso\/eso-2\/del-jeroglific-al-whatsapp\/","title":{"rendered":"Del jerogl\u00edfic al WhatsApp"},"content":{"rendered":"<p>Els passats dies 24 i 25 de gener els alumnes de 2n d&#8217;ESO van assistir al taller de llengua castellana <span style=\"color: #008000;\"><strong>&#8221; Del jerogl\u00edfico al whatsapp&#8221;<\/strong><\/span> al centre Caixaforum de Tarragona.<\/p>\n<p>Entre la confer\u00e8ncia i el show, aquest taller transmet la literatura com una manera d&#8217;entendre el m\u00f3n a trav\u00e9s d&#8217;un recorregut pels diversos mecanismes ling\u00fc\u00edstics personals i socials. La hist\u00f2ria ens ha portat tot un reguitzell d&#8217;oportunitats ling\u00fc\u00edstiques, passant per la comunicaci\u00f3 oral i escrita. Actualment&#8230; qu\u00e8 ens diu el Whatsapp? Com ens hi comuniquem?<\/p>\n<p>&nbsp;<\/p>\n<p><img loading=\"lazy\" decoding=\"async\" class=\"aligncenter\" src=\"https:\/\/www.yorokobu.es\/wp-content\/uploads\/2015\/05\/portada53.gif\" alt=\"Eres audaz descifrando jerogl\u00edficos de WhatsApp? \u2013\" width=\"692\" height=\"461\" \/><\/p>\n<p>Els alumnes van gaudir de l&#8217;activitat i van valorar positivament l&#8217;experi\u00e8ncia.<\/p>\n<p>&nbsp;<\/p>\n","protected":false},"excerpt":{"rendered":"<p>Els passats dies 24 i 25 de gener els alumnes de 2n d&#8217;ESO van assistir al taller de llengua castellana &#8221; Del jerogl\u00edfico al whatsapp&#8221; al centre Caixaforum de Tarragona.<br \/>\nEntre la confer\u00e8ncia i el show, aquest taller transmet la literatura com una manera d&#8217;entendre el&hellip;  <a href=\"https:\/\/agora.xtec.cat\/instarragona\/eso\/eso-2\/del-jeroglific-al-whatsapp\/\" title=\"Read Del jerogl\u00edfic al WhatsApp\">Llegeix m\u00e9s\u00bb<\/a><\/p>\n","protected":false},"author":1,"featured_media":3846,"comment_status":"open","ping_status":"closed","sticky":false,"template":"","format":"standard","meta":{"_bbp_topic_count":0,"_bbp_reply_count":0,"_bbp_total_topic_count":0,"_bbp_total_reply_count":0,"_bbp_voice_count":0,"_bbp_anonymous_reply_count":0,"_bbp_topic_count_hidden":0,"_bbp_reply_count_hidden":0,"_bbp_forum_subforum_count":0,"footnotes":""},"categories":[5,29],"tags":[134,58],"class_list":["post-3844","post","type-post","status-publish","format-standard","has-post-thumbnail","hentry","category-eso-2","category-portada","tag-castella","tag-tallers"],"post_mailing_queue_ids":[],"_links":{"self":[{"href":"https:\/\/agora.xtec.cat\/instarragona\/wp-json\/wp\/v2\/posts\/3844","targetHints":{"allow":["GET"]}}],"collection":[{"href":"https:\/\/agora.xtec.cat\/instarragona\/wp-json\/wp\/v2\/posts"}],"about":[{"href":"https:\/\/agora.xtec.cat\/instarragona\/wp-json\/wp\/v2\/types\/post"}],"author":[{"embeddable":true,"href":"https:\/\/agora.xtec.cat\/instarragona\/wp-json\/wp\/v2\/users\/1"}],"replies":[{"embeddable":true,"href":"https:\/\/agora.xtec.cat\/instarragona\/wp-json\/wp\/v2\/comments?post=3844"}],"version-history":[{"count":1,"href":"https:\/\/agora.xtec.cat\/instarragona\/wp-json\/wp\/v2\/posts\/3844\/revisions"}],"predecessor-version":[{"id":3845,"href":"https:\/\/agora.xtec.cat\/instarragona\/wp-json\/wp\/v2\/posts\/3844\/revisions\/3845"}],"wp:featuredmedia":[{"embeddable":true,"href":"https:\/\/agora.xtec.cat\/instarragona\/wp-json\/wp\/v2\/media\/3846"}],"wp:attachment":[{"href":"https:\/\/agora.xtec.cat\/instarragona\/wp-json\/wp\/v2\/media?parent=3844"}],"wp:term":[{"taxonomy":"category","embeddable":true,"href":"https:\/\/agora.xtec.cat\/instarragona\/wp-json\/wp\/v2\/categories?post=3844"},{"taxonomy":"post_tag","embeddable":true,"href":"https:\/\/agora.xtec.cat\/instarragona\/wp-json\/wp\/v2\/tags?post=3844"}],"curies":[{"name":"wp","href":"https:\/\/api.w.org\/{rel}","templated":true}]}}