{"id":3822,"date":"2023-01-30T13:09:27","date_gmt":"2023-01-30T12:09:27","guid":{"rendered":"https:\/\/agora.xtec.cat\/instarragona\/?p=3822"},"modified":"2023-01-30T13:10:25","modified_gmt":"2023-01-30T12:10:25","slug":"dia-de-la-pau-i-la-no-violencia","status":"publish","type":"post","link":"https:\/\/agora.xtec.cat\/instarragona\/portada\/dia-de-la-pau-i-la-no-violencia\/","title":{"rendered":"Dia de la pau i la no viol\u00e8ncia"},"content":{"rendered":"<h4 style=\"text-align: center;\"><span style=\"color: #008000;\"><strong>30 de gener de 2023<\/strong><\/span><\/h4>\n<p><img loading=\"lazy\" decoding=\"async\" class=\"aligncenter wp-image-3816\" src=\"https:\/\/agora.xtec.cat\/instarragona\/wp-content\/uploads\/usu484\/2023\/01\/1675079653803.jpg\" alt=\"\" width=\"416\" height=\"416\" srcset=\"https:\/\/agora.xtec.cat\/instarragona\/wp-content\/uploads\/usu484\/2023\/01\/1675079653803.jpg 1080w, https:\/\/agora.xtec.cat\/instarragona\/wp-content\/uploads\/usu484\/2023\/01\/1675079653803-300x300.jpg 300w, https:\/\/agora.xtec.cat\/instarragona\/wp-content\/uploads\/usu484\/2023\/01\/1675079653803-1024x1024.jpg 1024w, https:\/\/agora.xtec.cat\/instarragona\/wp-content\/uploads\/usu484\/2023\/01\/1675079653803-150x150.jpg 150w, https:\/\/agora.xtec.cat\/instarragona\/wp-content\/uploads\/usu484\/2023\/01\/1675079653803-768x768.jpg 768w\" sizes=\"auto, (max-width: 416px) 100vw, 416px\" \/><\/p>\n<p>Avui hem celebrat el dia de la Pau i nom\u00e9s podem estar m\u00e9s que agra\u00efts amb la participaci\u00f3 de tanta i tanta gent, alumnat i professorat, amb can\u00e7ons i balls, manifests, instruments, lectures, poemes&#8230; Gr\u00e0cies!<\/p>\n<p>Les imatges de l&#8217;acte les trobareu <strong><a href=\"https:\/\/drive.google.com\/drive\/folders\/1GwPPxlTkwEMUYqsw-cSaM0-NGSm_ew0K?usp=share_link\" target=\"_blank\" rel=\"noopener\">aqu\u00ed<\/a><\/strong> mateix.<\/p>\n<p><img loading=\"lazy\" decoding=\"async\" class=\"aligncenter size-full wp-image-3817\" src=\"https:\/\/agora.xtec.cat\/instarragona\/wp-content\/uploads\/usu484\/2023\/01\/1675079653795.jpg\" alt=\"\" width=\"1080\" height=\"1080\" srcset=\"https:\/\/agora.xtec.cat\/instarragona\/wp-content\/uploads\/usu484\/2023\/01\/1675079653795.jpg 1080w, https:\/\/agora.xtec.cat\/instarragona\/wp-content\/uploads\/usu484\/2023\/01\/1675079653795-300x300.jpg 300w, https:\/\/agora.xtec.cat\/instarragona\/wp-content\/uploads\/usu484\/2023\/01\/1675079653795-1024x1024.jpg 1024w, https:\/\/agora.xtec.cat\/instarragona\/wp-content\/uploads\/usu484\/2023\/01\/1675079653795-150x150.jpg 150w, https:\/\/agora.xtec.cat\/instarragona\/wp-content\/uploads\/usu484\/2023\/01\/1675079653795-768x768.jpg 768w\" sizes=\"auto, (max-width: 1080px) 100vw, 1080px\" \/><\/p>\n<p><img loading=\"lazy\" decoding=\"async\" class=\"aligncenter size-full wp-image-3818\" src=\"https:\/\/agora.xtec.cat\/instarragona\/wp-content\/uploads\/usu484\/2023\/01\/1675079653785.jpg\" alt=\"\" width=\"1080\" height=\"1080\" srcset=\"https:\/\/agora.xtec.cat\/instarragona\/wp-content\/uploads\/usu484\/2023\/01\/1675079653785.jpg 1080w, https:\/\/agora.xtec.cat\/instarragona\/wp-content\/uploads\/usu484\/2023\/01\/1675079653785-300x300.jpg 300w, https:\/\/agora.xtec.cat\/instarragona\/wp-content\/uploads\/usu484\/2023\/01\/1675079653785-1024x1024.jpg 1024w, https:\/\/agora.xtec.cat\/instarragona\/wp-content\/uploads\/usu484\/2023\/01\/1675079653785-150x150.jpg 150w, https:\/\/agora.xtec.cat\/instarragona\/wp-content\/uploads\/usu484\/2023\/01\/1675079653785-768x768.jpg 768w\" sizes=\"auto, (max-width: 1080px) 100vw, 1080px\" \/><\/p>\n<p>&nbsp;<\/p>\n<p>&nbsp;<\/p>\n<p>&nbsp;<\/p>\n","protected":false},"excerpt":{"rendered":"<p>30 de gener de 2023<\/p>\n<p>Avui hem celebrat el dia de la Pau i nom\u00e9s podem estar m\u00e9s que agra\u00efts amb la participaci\u00f3 de tanta i tanta gent, alumnat i professorat, amb can\u00e7ons i balls, manifests, instruments, lectures, poemes&#8230; Gr\u00e0cies!<br \/>\nLes imatges de l&#8217;acte les trobareu <a&hellip;  <a href=\"https:\/\/agora.xtec.cat\/instarragona\/portada\/dia-de-la-pau-i-la-no-violencia\/\" title=\"Read Dia de la pau i la no viol\u00e8ncia\">Llegeix m\u00e9s\u00bb<\/a><\/p>\n","protected":false},"author":1,"featured_media":3816,"comment_status":"open","ping_status":"closed","sticky":false,"template":"","format":"standard","meta":{"_bbp_topic_count":0,"_bbp_reply_count":0,"_bbp_total_topic_count":0,"_bbp_total_reply_count":0,"_bbp_voice_count":0,"_bbp_anonymous_reply_count":0,"_bbp_topic_count_hidden":0,"_bbp_reply_count_hidden":0,"_bbp_forum_subforum_count":0,"footnotes":""},"categories":[29],"tags":[108,137,111],"class_list":["post-3822","post","type-post","status-publish","format-standard","has-post-thumbnail","hentry","category-portada","tag-activitats","tag-llengues","tag-musica"],"post_mailing_queue_ids":[],"_links":{"self":[{"href":"https:\/\/agora.xtec.cat\/instarragona\/wp-json\/wp\/v2\/posts\/3822","targetHints":{"allow":["GET"]}}],"collection":[{"href":"https:\/\/agora.xtec.cat\/instarragona\/wp-json\/wp\/v2\/posts"}],"about":[{"href":"https:\/\/agora.xtec.cat\/instarragona\/wp-json\/wp\/v2\/types\/post"}],"author":[{"embeddable":true,"href":"https:\/\/agora.xtec.cat\/instarragona\/wp-json\/wp\/v2\/users\/1"}],"replies":[{"embeddable":true,"href":"https:\/\/agora.xtec.cat\/instarragona\/wp-json\/wp\/v2\/comments?post=3822"}],"version-history":[{"count":2,"href":"https:\/\/agora.xtec.cat\/instarragona\/wp-json\/wp\/v2\/posts\/3822\/revisions"}],"predecessor-version":[{"id":3824,"href":"https:\/\/agora.xtec.cat\/instarragona\/wp-json\/wp\/v2\/posts\/3822\/revisions\/3824"}],"wp:featuredmedia":[{"embeddable":true,"href":"https:\/\/agora.xtec.cat\/instarragona\/wp-json\/wp\/v2\/media\/3816"}],"wp:attachment":[{"href":"https:\/\/agora.xtec.cat\/instarragona\/wp-json\/wp\/v2\/media?parent=3822"}],"wp:term":[{"taxonomy":"category","embeddable":true,"href":"https:\/\/agora.xtec.cat\/instarragona\/wp-json\/wp\/v2\/categories?post=3822"},{"taxonomy":"post_tag","embeddable":true,"href":"https:\/\/agora.xtec.cat\/instarragona\/wp-json\/wp\/v2\/tags?post=3822"}],"curies":[{"name":"wp","href":"https:\/\/api.w.org\/{rel}","templated":true}]}}