{"id":3805,"date":"2023-01-27T11:53:55","date_gmt":"2023-01-27T10:53:55","guid":{"rendered":"https:\/\/agora.xtec.cat\/instarragona\/?p=3805"},"modified":"2023-01-27T11:54:24","modified_gmt":"2023-01-27T10:54:24","slug":"aixo-ja-comenca-a-sonar","status":"publish","type":"post","link":"https:\/\/agora.xtec.cat\/instarragona\/eso\/eso-1\/aixo-ja-comenca-a-sonar\/","title":{"rendered":"Aix\u00f2 ja comen\u00e7a a sonar!"},"content":{"rendered":"<p>L&#8217;alumnat de 1r d&#8217;ESO est\u00e0 entusiasmat amb la incorporaci\u00f3 dels Ukeleles a l&#8217;aula de m\u00fasica. Encara no us passem cap v\u00eddeo, per\u00f2 de veritat, de veritat, que aix\u00f2 ja comen\u00e7a a sonar!<\/p>\n<p>\ud83c\udfb5\ud83c\udfb6\ud83c\udfb8Esperem fer una petita demostraci\u00f3 ben aviat. \ud83c\udfb8\ud83c\udfb5\ud83c\udfb6<\/p>\n<p><img loading=\"lazy\" decoding=\"async\" class=\"aligncenter size-full wp-image-3806\" src=\"https:\/\/agora.xtec.cat\/instarragona\/wp-content\/uploads\/usu484\/2023\/01\/1674737693381.jpg\" alt=\"\" width=\"2048\" height=\"1536\" srcset=\"https:\/\/agora.xtec.cat\/instarragona\/wp-content\/uploads\/usu484\/2023\/01\/1674737693381.jpg 2048w, https:\/\/agora.xtec.cat\/instarragona\/wp-content\/uploads\/usu484\/2023\/01\/1674737693381-300x225.jpg 300w, https:\/\/agora.xtec.cat\/instarragona\/wp-content\/uploads\/usu484\/2023\/01\/1674737693381-1024x768.jpg 1024w, https:\/\/agora.xtec.cat\/instarragona\/wp-content\/uploads\/usu484\/2023\/01\/1674737693381-768x576.jpg 768w, https:\/\/agora.xtec.cat\/instarragona\/wp-content\/uploads\/usu484\/2023\/01\/1674737693381-1536x1152.jpg 1536w, https:\/\/agora.xtec.cat\/instarragona\/wp-content\/uploads\/usu484\/2023\/01\/1674737693381-200x150.jpg 200w\" sizes=\"auto, (max-width: 2048px) 100vw, 2048px\" \/><\/p>\n<p>&nbsp;<\/p>\n<p><img loading=\"lazy\" decoding=\"async\" class=\"aligncenter size-full wp-image-3807\" src=\"https:\/\/agora.xtec.cat\/instarragona\/wp-content\/uploads\/usu484\/2023\/01\/Captura-5.jpg\" alt=\"\" width=\"924\" height=\"605\" srcset=\"https:\/\/agora.xtec.cat\/instarragona\/wp-content\/uploads\/usu484\/2023\/01\/Captura-5.jpg 924w, https:\/\/agora.xtec.cat\/instarragona\/wp-content\/uploads\/usu484\/2023\/01\/Captura-5-300x196.jpg 300w, https:\/\/agora.xtec.cat\/instarragona\/wp-content\/uploads\/usu484\/2023\/01\/Captura-5-768x503.jpg 768w\" sizes=\"auto, (max-width: 924px) 100vw, 924px\" \/><\/p>\n","protected":false},"excerpt":{"rendered":"<p>L&#8217;alumnat de 1r d&#8217;ESO est\u00e0 entusiasmat amb la incorporaci\u00f3 dels Ukeleles a l&#8217;aula de m\u00fasica. Encara no us passem cap v\u00eddeo, per\u00f2 de veritat, de veritat, que aix\u00f2 ja comen\u00e7a a sonar!<br \/>\n\ud83c\udfb5\ud83c\udfb6\ud83c\udfb8Esperem fer una petita demostraci\u00f3 ben aviat. \ud83c\udfb8\ud83c\udfb5\ud83c\udfb6<\/p>\n<p>&nbsp;<\/p>\n","protected":false},"author":1,"featured_media":3806,"comment_status":"open","ping_status":"closed","sticky":false,"template":"","format":"standard","meta":{"_bbp_topic_count":0,"_bbp_reply_count":0,"_bbp_total_topic_count":0,"_bbp_total_reply_count":0,"_bbp_voice_count":0,"_bbp_anonymous_reply_count":0,"_bbp_topic_count_hidden":0,"_bbp_reply_count_hidden":0,"_bbp_forum_subforum_count":0,"footnotes":""},"categories":[4,29],"tags":[111],"class_list":["post-3805","post","type-post","status-publish","format-standard","has-post-thumbnail","hentry","category-eso-1","category-portada","tag-musica"],"post_mailing_queue_ids":[],"_links":{"self":[{"href":"https:\/\/agora.xtec.cat\/instarragona\/wp-json\/wp\/v2\/posts\/3805","targetHints":{"allow":["GET"]}}],"collection":[{"href":"https:\/\/agora.xtec.cat\/instarragona\/wp-json\/wp\/v2\/posts"}],"about":[{"href":"https:\/\/agora.xtec.cat\/instarragona\/wp-json\/wp\/v2\/types\/post"}],"author":[{"embeddable":true,"href":"https:\/\/agora.xtec.cat\/instarragona\/wp-json\/wp\/v2\/users\/1"}],"replies":[{"embeddable":true,"href":"https:\/\/agora.xtec.cat\/instarragona\/wp-json\/wp\/v2\/comments?post=3805"}],"version-history":[{"count":2,"href":"https:\/\/agora.xtec.cat\/instarragona\/wp-json\/wp\/v2\/posts\/3805\/revisions"}],"predecessor-version":[{"id":3809,"href":"https:\/\/agora.xtec.cat\/instarragona\/wp-json\/wp\/v2\/posts\/3805\/revisions\/3809"}],"wp:featuredmedia":[{"embeddable":true,"href":"https:\/\/agora.xtec.cat\/instarragona\/wp-json\/wp\/v2\/media\/3806"}],"wp:attachment":[{"href":"https:\/\/agora.xtec.cat\/instarragona\/wp-json\/wp\/v2\/media?parent=3805"}],"wp:term":[{"taxonomy":"category","embeddable":true,"href":"https:\/\/agora.xtec.cat\/instarragona\/wp-json\/wp\/v2\/categories?post=3805"},{"taxonomy":"post_tag","embeddable":true,"href":"https:\/\/agora.xtec.cat\/instarragona\/wp-json\/wp\/v2\/tags?post=3805"}],"curies":[{"name":"wp","href":"https:\/\/api.w.org\/{rel}","templated":true}]}}