{"id":3801,"date":"2023-01-27T11:48:40","date_gmt":"2023-01-27T10:48:40","guid":{"rendered":"https:\/\/agora.xtec.cat\/instarragona\/?p=3801"},"modified":"2023-01-27T11:48:40","modified_gmt":"2023-01-27T10:48:40","slug":"escola-i-empresa","status":"publish","type":"post","link":"https:\/\/agora.xtec.cat\/instarragona\/batxillerat\/escola-i-empresa\/","title":{"rendered":"Escola i empresa"},"content":{"rendered":"<p>Els alumnes de 2n de batxillerat d&#8217;Economia d&#8217;Empresa han participat en el programa &#8220;<strong><a href=\"https:\/\/www.escolaiempresa.cat\/\" target=\"_blank\" rel=\"noopener\">Escola i Empresa<\/a><\/strong>&#8220;.<\/p>\n<p>El programa se centra en la trobada entre l\u2019alumnat i una persona que dirigeix la seva pr\u00f2pia empresa que\u00a0els explicar\u00e0 la seva viv\u00e8ncia. La conversa amb aquesta persona i la reflexi\u00f3 sobre la seva motivaci\u00f3 i el seu dia a dia ajudar\u00e0 als estudiants a visualitzar aspectes de la vida a l\u2019empresa i del seu paper en la societat des d\u2019una perspectiva diferent de la que \u00e9s habitual. En aquesta edici\u00f3 ens ha acompanyat l&#8217;Anna Cuadrat, gerent de <strong><a href=\"https:\/\/prioratnatur.com\/\" target=\"_blank\" rel=\"noopener\">Priorat Natur<\/a><\/strong>, assesora del <strong><a href=\"https:\/\/builgine.com\/ca\/builgine-2\/\" target=\"_blank\" rel=\"noopener\">celler Buil&amp;Gin\u00e9<\/a><\/strong>, i membre senadora de la <strong><a href=\"https:\/\/www.jci.cat\/\" target=\"_blank\" rel=\"noopener\">Jove Cambra Internacional de Catalunya<\/a>.<\/strong><\/p>\n<p><span style=\"font-family: times new roman, serif; font-size: large;\"><img loading=\"lazy\" decoding=\"async\" class=\"aligncenter  wp-image-3802\" src=\"https:\/\/agora.xtec.cat\/instarragona\/wp-content\/uploads\/usu484\/2023\/01\/IMG_20230124_124124.jpg\" alt=\"\" width=\"653\" height=\"490\" srcset=\"https:\/\/agora.xtec.cat\/instarragona\/wp-content\/uploads\/usu484\/2023\/01\/IMG_20230124_124124.jpg 1600w, https:\/\/agora.xtec.cat\/instarragona\/wp-content\/uploads\/usu484\/2023\/01\/IMG_20230124_124124-300x225.jpg 300w, https:\/\/agora.xtec.cat\/instarragona\/wp-content\/uploads\/usu484\/2023\/01\/IMG_20230124_124124-1024x769.jpg 1024w, https:\/\/agora.xtec.cat\/instarragona\/wp-content\/uploads\/usu484\/2023\/01\/IMG_20230124_124124-768x576.jpg 768w, https:\/\/agora.xtec.cat\/instarragona\/wp-content\/uploads\/usu484\/2023\/01\/IMG_20230124_124124-1536x1153.jpg 1536w, https:\/\/agora.xtec.cat\/instarragona\/wp-content\/uploads\/usu484\/2023\/01\/IMG_20230124_124124-200x150.jpg 200w\" sizes=\"auto, (max-width: 653px) 100vw, 653px\" \/><\/span><\/p>\n<p>&nbsp;<\/p>\n<p><span style=\"font-family: times new roman, serif; font-size: large;\"><img loading=\"lazy\" decoding=\"async\" class=\"aligncenter  wp-image-3803\" src=\"https:\/\/agora.xtec.cat\/instarragona\/wp-content\/uploads\/usu484\/2023\/01\/IMG_20230124_124439.jpg\" alt=\"\" width=\"636\" height=\"477\" srcset=\"https:\/\/agora.xtec.cat\/instarragona\/wp-content\/uploads\/usu484\/2023\/01\/IMG_20230124_124439.jpg 1600w, https:\/\/agora.xtec.cat\/instarragona\/wp-content\/uploads\/usu484\/2023\/01\/IMG_20230124_124439-300x225.jpg 300w, https:\/\/agora.xtec.cat\/instarragona\/wp-content\/uploads\/usu484\/2023\/01\/IMG_20230124_124439-1024x769.jpg 1024w, https:\/\/agora.xtec.cat\/instarragona\/wp-content\/uploads\/usu484\/2023\/01\/IMG_20230124_124439-768x576.jpg 768w, https:\/\/agora.xtec.cat\/instarragona\/wp-content\/uploads\/usu484\/2023\/01\/IMG_20230124_124439-1536x1153.jpg 1536w, https:\/\/agora.xtec.cat\/instarragona\/wp-content\/uploads\/usu484\/2023\/01\/IMG_20230124_124439-200x150.jpg 200w\" sizes=\"auto, (max-width: 636px) 100vw, 636px\" \/>\u00a0 \u00a0<\/span><\/p>\n","protected":false},"excerpt":{"rendered":"<p>Els alumnes de 2n de batxillerat d&#8217;Economia d&#8217;Empresa han participat en el programa &#8220;<a href=\"https:\/\/www.escolaiempresa.cat\/\" target=\"_blank\" rel=\"noopener\">Escola i Empresa<\/a>&#8220;.<br \/>\nEl programa se centra en la trobada entre l\u2019alumnat i una persona que dirigeix la seva pr\u00f2pia empresa que\u00a0els explicar\u00e0 la seva viv\u00e8ncia. La conversa amb aquesta&hellip;  <a href=\"https:\/\/agora.xtec.cat\/instarragona\/batxillerat\/escola-i-empresa\/\" title=\"Read Escola i empresa\">Llegeix m\u00e9s\u00bb<\/a><\/p>\n","protected":false},"author":1,"featured_media":3802,"comment_status":"open","ping_status":"closed","sticky":false,"template":"","format":"standard","meta":{"_bbp_topic_count":0,"_bbp_reply_count":0,"_bbp_total_topic_count":0,"_bbp_total_reply_count":0,"_bbp_voice_count":0,"_bbp_anonymous_reply_count":0,"_bbp_topic_count_hidden":0,"_bbp_reply_count_hidden":0,"_bbp_forum_subforum_count":0,"footnotes":""},"categories":[8,29],"tags":[123,44],"class_list":["post-3801","post","type-post","status-publish","format-standard","has-post-thumbnail","hentry","category-batxillerat","category-portada","tag-economia","tag-xerrades"],"post_mailing_queue_ids":[],"_links":{"self":[{"href":"https:\/\/agora.xtec.cat\/instarragona\/wp-json\/wp\/v2\/posts\/3801","targetHints":{"allow":["GET"]}}],"collection":[{"href":"https:\/\/agora.xtec.cat\/instarragona\/wp-json\/wp\/v2\/posts"}],"about":[{"href":"https:\/\/agora.xtec.cat\/instarragona\/wp-json\/wp\/v2\/types\/post"}],"author":[{"embeddable":true,"href":"https:\/\/agora.xtec.cat\/instarragona\/wp-json\/wp\/v2\/users\/1"}],"replies":[{"embeddable":true,"href":"https:\/\/agora.xtec.cat\/instarragona\/wp-json\/wp\/v2\/comments?post=3801"}],"version-history":[{"count":1,"href":"https:\/\/agora.xtec.cat\/instarragona\/wp-json\/wp\/v2\/posts\/3801\/revisions"}],"predecessor-version":[{"id":3804,"href":"https:\/\/agora.xtec.cat\/instarragona\/wp-json\/wp\/v2\/posts\/3801\/revisions\/3804"}],"wp:featuredmedia":[{"embeddable":true,"href":"https:\/\/agora.xtec.cat\/instarragona\/wp-json\/wp\/v2\/media\/3802"}],"wp:attachment":[{"href":"https:\/\/agora.xtec.cat\/instarragona\/wp-json\/wp\/v2\/media?parent=3801"}],"wp:term":[{"taxonomy":"category","embeddable":true,"href":"https:\/\/agora.xtec.cat\/instarragona\/wp-json\/wp\/v2\/categories?post=3801"},{"taxonomy":"post_tag","embeddable":true,"href":"https:\/\/agora.xtec.cat\/instarragona\/wp-json\/wp\/v2\/tags?post=3801"}],"curies":[{"name":"wp","href":"https:\/\/api.w.org\/{rel}","templated":true}]}}