{"id":3794,"date":"2023-01-26T10:50:05","date_gmt":"2023-01-26T09:50:05","guid":{"rendered":"https:\/\/agora.xtec.cat\/instarragona\/?p=3794"},"modified":"2023-01-26T10:50:37","modified_gmt":"2023-01-26T09:50:37","slug":"visita-tecnica-a-ematsa","status":"publish","type":"post","link":"https:\/\/agora.xtec.cat\/instarragona\/eso\/eso-1\/visita-tecnica-a-ematsa\/","title":{"rendered":"Visita t\u00e8cnica a EMATSA"},"content":{"rendered":"<p>Els alumnes de Global Scholars estan fent recerca sobre l&#8217;aigua a la nostra ciutat: de la natura a l&#8217;aixeta. Per aprendre de primera m\u00e0 sobre aix\u00f2, hem anat de visita a les instal\u00b7lacions d&#8217;Ematsa a la Muntanyeta de Sant Pere i Sant Pau. All\u00e0, el Sr. Jordi Vallv\u00e9 ens ha explicat en detall el proc\u00e9s de captaci\u00f3, tractament, distribuci\u00f3 i depuraci\u00f3 de l&#8217;aigua i hem pogut veure la sala de control i els dip\u00f2sits. Hem sortit conven\u00e7uts que l&#8217;aigua de les nostres aixetes \u00e9s segura pel consum i molt m\u00e9s sostenible que si la comprem envasada, a m\u00e9s a m\u00e9s ens ha donat molt bons consells per ser millors usuaris de la xarxa. Ara tocar explicar-ho als nostres companys internacionals!<\/p>\n<table style=\"border-collapse: collapse; width: 100%;\">\n<tbody>\n<tr>\n<td style=\"width: 50%; border-color: #a8e6f0; background-color: #a8e6f0;\"><img loading=\"lazy\" decoding=\"async\" class=\"aligncenter size-full wp-image-3797\" src=\"https:\/\/agora.xtec.cat\/instarragona\/wp-content\/uploads\/usu484\/2023\/01\/Captura.PNG2_.png\" alt=\"\" width=\"1045\" height=\"664\" srcset=\"https:\/\/agora.xtec.cat\/instarragona\/wp-content\/uploads\/usu484\/2023\/01\/Captura.PNG2_.png 1045w, https:\/\/agora.xtec.cat\/instarragona\/wp-content\/uploads\/usu484\/2023\/01\/Captura.PNG2_-300x191.png 300w, https:\/\/agora.xtec.cat\/instarragona\/wp-content\/uploads\/usu484\/2023\/01\/Captura.PNG2_-1024x651.png 1024w, https:\/\/agora.xtec.cat\/instarragona\/wp-content\/uploads\/usu484\/2023\/01\/Captura.PNG2_-768x488.png 768w\" sizes=\"auto, (max-width: 1045px) 100vw, 1045px\" \/><\/p>\n<p><img loading=\"lazy\" decoding=\"async\" class=\"aligncenter size-full wp-image-3795\" src=\"https:\/\/agora.xtec.cat\/instarragona\/wp-content\/uploads\/usu484\/2023\/01\/Captura.png\" alt=\"\" width=\"1216\" height=\"902\" srcset=\"https:\/\/agora.xtec.cat\/instarragona\/wp-content\/uploads\/usu484\/2023\/01\/Captura.png 1216w, https:\/\/agora.xtec.cat\/instarragona\/wp-content\/uploads\/usu484\/2023\/01\/Captura-300x223.png 300w, https:\/\/agora.xtec.cat\/instarragona\/wp-content\/uploads\/usu484\/2023\/01\/Captura-1024x760.png 1024w, https:\/\/agora.xtec.cat\/instarragona\/wp-content\/uploads\/usu484\/2023\/01\/Captura-768x570.png 768w\" sizes=\"auto, (max-width: 1216px) 100vw, 1216px\" \/><\/td>\n<td style=\"width: 50%; border-color: #a8e6f0; background-color: #a8e6f0;\"><img loading=\"lazy\" decoding=\"async\" class=\"aligncenter size-full wp-image-3796\" src=\"https:\/\/agora.xtec.cat\/instarragona\/wp-content\/uploads\/usu484\/2023\/01\/Captura.PNG4_.png\" alt=\"\" width=\"674\" height=\"840\" srcset=\"https:\/\/agora.xtec.cat\/instarragona\/wp-content\/uploads\/usu484\/2023\/01\/Captura.PNG4_.png 674w, https:\/\/agora.xtec.cat\/instarragona\/wp-content\/uploads\/usu484\/2023\/01\/Captura.PNG4_-241x300.png 241w\" sizes=\"auto, (max-width: 674px) 100vw, 674px\" \/><\/td>\n<\/tr>\n<\/tbody>\n<\/table>\n<p>&nbsp;<\/p>\n<p><img loading=\"lazy\" decoding=\"async\" class=\"aligncenter size-full wp-image-3685\" src=\"https:\/\/agora.xtec.cat\/instarragona\/wp-content\/uploads\/usu484\/2022\/12\/glo.png\" alt=\"\" width=\"266\" height=\"189\" \/><\/p>\n","protected":false},"excerpt":{"rendered":"<p>Els alumnes de Global Scholars estan fent recerca sobre l&#8217;aigua a la nostra ciutat: de la natura a l&#8217;aixeta. Per aprendre de primera m\u00e0 sobre aix\u00f2, hem anat de visita a les instal\u00b7lacions d&#8217;Ematsa a la Muntanyeta de Sant Pere i Sant Pau. All\u00e0, el&hellip;  <a href=\"https:\/\/agora.xtec.cat\/instarragona\/eso\/eso-1\/visita-tecnica-a-ematsa\/\" title=\"Read Visita t\u00e8cnica a EMATSA\">Llegeix m\u00e9s\u00bb<\/a><\/p>\n","protected":false},"author":1,"featured_media":3798,"comment_status":"open","ping_status":"closed","sticky":false,"template":"","format":"standard","meta":{"_bbp_topic_count":0,"_bbp_reply_count":0,"_bbp_total_topic_count":0,"_bbp_total_reply_count":0,"_bbp_voice_count":0,"_bbp_anonymous_reply_count":0,"_bbp_topic_count_hidden":0,"_bbp_reply_count_hidden":0,"_bbp_forum_subforum_count":0,"footnotes":""},"categories":[4,5,29],"tags":[141,99,39,110],"class_list":["post-3794","post","type-post","status-publish","format-standard","has-post-thumbnail","hentry","category-eso-1","category-eso-2","category-portada","tag-global-scholars","tag-projectes","tag-sortides","tag-tecnologia"],"post_mailing_queue_ids":[],"_links":{"self":[{"href":"https:\/\/agora.xtec.cat\/instarragona\/wp-json\/wp\/v2\/posts\/3794","targetHints":{"allow":["GET"]}}],"collection":[{"href":"https:\/\/agora.xtec.cat\/instarragona\/wp-json\/wp\/v2\/posts"}],"about":[{"href":"https:\/\/agora.xtec.cat\/instarragona\/wp-json\/wp\/v2\/types\/post"}],"author":[{"embeddable":true,"href":"https:\/\/agora.xtec.cat\/instarragona\/wp-json\/wp\/v2\/users\/1"}],"replies":[{"embeddable":true,"href":"https:\/\/agora.xtec.cat\/instarragona\/wp-json\/wp\/v2\/comments?post=3794"}],"version-history":[{"count":2,"href":"https:\/\/agora.xtec.cat\/instarragona\/wp-json\/wp\/v2\/posts\/3794\/revisions"}],"predecessor-version":[{"id":3800,"href":"https:\/\/agora.xtec.cat\/instarragona\/wp-json\/wp\/v2\/posts\/3794\/revisions\/3800"}],"wp:featuredmedia":[{"embeddable":true,"href":"https:\/\/agora.xtec.cat\/instarragona\/wp-json\/wp\/v2\/media\/3798"}],"wp:attachment":[{"href":"https:\/\/agora.xtec.cat\/instarragona\/wp-json\/wp\/v2\/media?parent=3794"}],"wp:term":[{"taxonomy":"category","embeddable":true,"href":"https:\/\/agora.xtec.cat\/instarragona\/wp-json\/wp\/v2\/categories?post=3794"},{"taxonomy":"post_tag","embeddable":true,"href":"https:\/\/agora.xtec.cat\/instarragona\/wp-json\/wp\/v2\/tags?post=3794"}],"curies":[{"name":"wp","href":"https:\/\/api.w.org\/{rel}","templated":true}]}}