{"id":3783,"date":"2023-01-24T09:00:57","date_gmt":"2023-01-24T08:00:57","guid":{"rendered":"https:\/\/agora.xtec.cat\/instarragona\/?p=3783"},"modified":"2023-02-07T08:51:55","modified_gmt":"2023-02-07T07:51:55","slug":"ens-visita-aida-roca-la-seguiu-a-les-xarxes","status":"publish","type":"post","link":"https:\/\/agora.xtec.cat\/instarragona\/eso\/eso-4\/ens-visita-aida-roca-la-seguiu-a-les-xarxes\/","title":{"rendered":"Ens visita l&#8217;Aida Roca, la seguiu a les xarxes?"},"content":{"rendered":"<p>Dins del projecte transversal de l&#8217;Institut Tarragona que t\u00e9 com a objectiu oferir orientaci\u00f3 acad\u00e8mica, professional i personal a tot l&#8217;alumnat, la fil\u00f2loga Aida Roca,\u00a0<a href=\"https:\/\/www.instagram.com\/filologa_de_guardia\/\" target=\"_blank\" rel=\"noopener noreferrer\" data-saferedirecturl=\"https:\/\/www.google.com\/url?q=https:\/\/www.instagram.com\/filologa_de_guardia\/&amp;source=gmail&amp;ust=1674633433846000&amp;usg=AOvVaw3mdwL-uJ_USZYVLYCSJShW\">@filologa_de_guardia<\/a>\u00a0a les xarxes, va impartir una xerrada sobre les sortides professionals que t\u00e9 un grau de Filologia, no nom\u00e9s la Catalana sin\u00f3 qualsevol. Naturalment, va fer m\u00e9s \u00e8mfasi en la professi\u00f3 d&#8217;influenciadora\u00a0perqu\u00e8 \u00e9s la seva i la que s&#8217;ha convertit en el seu mitj\u00e0 de vida fins ara. La jove Aida Roca es va fer seus les noies i els nois de 4t d&#8217;ESO.<\/p>\n<p>La podeu seguir a Instagram, on fa uns reels de llengua catalana molt divertits.<\/p>\n<p><img loading=\"lazy\" decoding=\"async\" class=\"aligncenter wp-image-3786\" src=\"https:\/\/agora.xtec.cat\/instarragona\/wp-content\/uploads\/usu484\/2023\/01\/1673867565868.jpg\" alt=\"\" width=\"945\" height=\"1260\" srcset=\"https:\/\/agora.xtec.cat\/instarragona\/wp-content\/uploads\/usu484\/2023\/01\/1673867565868.jpg 1536w, https:\/\/agora.xtec.cat\/instarragona\/wp-content\/uploads\/usu484\/2023\/01\/1673867565868-225x300.jpg 225w, https:\/\/agora.xtec.cat\/instarragona\/wp-content\/uploads\/usu484\/2023\/01\/1673867565868-768x1024.jpg 768w, https:\/\/agora.xtec.cat\/instarragona\/wp-content\/uploads\/usu484\/2023\/01\/1673867565868-1152x1536.jpg 1152w\" sizes=\"auto, (max-width: 945px) 100vw, 945px\" \/><\/p>\n<p>&nbsp;<\/p>\n<p>&nbsp;<\/p>\n","protected":false},"excerpt":{"rendered":"<p>Dins del projecte transversal de l&#8217;Institut Tarragona que t\u00e9 com a objectiu oferir orientaci\u00f3 acad\u00e8mica, professional i personal a tot l&#8217;alumnat, la fil\u00f2loga Aida Roca,\u00a0<a href=\"https:\/\/www.instagram.com\/filologa_de_guardia\/\" target=\"_blank\" rel=\"noopener noreferrer\" data-saferedirecturl=\"https:\/\/www.google.com\/url?q=https:\/\/www.instagram.com\/filologa_de_guardia\/&amp;source=gmail&amp;ust=1674633433846000&amp;usg=AOvVaw3mdwL-uJ_USZYVLYCSJShW\">@filologa_de_guardia<\/a>\u00a0a les xarxes, va impartir una xerrada sobre les sortides professionals que t\u00e9 un grau de&hellip;  <a href=\"https:\/\/agora.xtec.cat\/instarragona\/eso\/eso-4\/ens-visita-aida-roca-la-seguiu-a-les-xarxes\/\" title=\"Read Ens visita l&#8217;Aida Roca, la seguiu a les xarxes?\">Llegeix m\u00e9s\u00bb<\/a><\/p>\n","protected":false},"author":1,"featured_media":3785,"comment_status":"open","ping_status":"closed","sticky":false,"template":"","format":"standard","meta":{"_bbp_topic_count":0,"_bbp_reply_count":0,"_bbp_total_topic_count":0,"_bbp_total_reply_count":0,"_bbp_voice_count":0,"_bbp_anonymous_reply_count":0,"_bbp_topic_count_hidden":0,"_bbp_reply_count_hidden":0,"_bbp_forum_subforum_count":0,"footnotes":""},"categories":[7,29],"tags":[119,44],"class_list":["post-3783","post","type-post","status-publish","format-standard","has-post-thumbnail","hentry","category-eso-4","category-portada","tag-catala","tag-xerrades"],"post_mailing_queue_ids":[],"_links":{"self":[{"href":"https:\/\/agora.xtec.cat\/instarragona\/wp-json\/wp\/v2\/posts\/3783","targetHints":{"allow":["GET"]}}],"collection":[{"href":"https:\/\/agora.xtec.cat\/instarragona\/wp-json\/wp\/v2\/posts"}],"about":[{"href":"https:\/\/agora.xtec.cat\/instarragona\/wp-json\/wp\/v2\/types\/post"}],"author":[{"embeddable":true,"href":"https:\/\/agora.xtec.cat\/instarragona\/wp-json\/wp\/v2\/users\/1"}],"replies":[{"embeddable":true,"href":"https:\/\/agora.xtec.cat\/instarragona\/wp-json\/wp\/v2\/comments?post=3783"}],"version-history":[{"count":3,"href":"https:\/\/agora.xtec.cat\/instarragona\/wp-json\/wp\/v2\/posts\/3783\/revisions"}],"predecessor-version":[{"id":3848,"href":"https:\/\/agora.xtec.cat\/instarragona\/wp-json\/wp\/v2\/posts\/3783\/revisions\/3848"}],"wp:featuredmedia":[{"embeddable":true,"href":"https:\/\/agora.xtec.cat\/instarragona\/wp-json\/wp\/v2\/media\/3785"}],"wp:attachment":[{"href":"https:\/\/agora.xtec.cat\/instarragona\/wp-json\/wp\/v2\/media?parent=3783"}],"wp:term":[{"taxonomy":"category","embeddable":true,"href":"https:\/\/agora.xtec.cat\/instarragona\/wp-json\/wp\/v2\/categories?post=3783"},{"taxonomy":"post_tag","embeddable":true,"href":"https:\/\/agora.xtec.cat\/instarragona\/wp-json\/wp\/v2\/tags?post=3783"}],"curies":[{"name":"wp","href":"https:\/\/api.w.org\/{rel}","templated":true}]}}