{"id":3739,"date":"2022-12-21T10:34:14","date_gmt":"2022-12-21T09:34:14","guid":{"rendered":"https:\/\/agora.xtec.cat\/instarragona\/?p=3739"},"modified":"2022-12-21T10:36:25","modified_gmt":"2022-12-21T09:36:25","slug":"la-quimica-del-nadal","status":"publish","type":"post","link":"https:\/\/agora.xtec.cat\/instarragona\/general\/la-quimica-del-nadal\/","title":{"rendered":"La qu\u00edmica del Nadal"},"content":{"rendered":"<p>Barregem, remenem i creem!<\/p>\n<p>Els alumnes de 2n ESO a F\u00edsica i Qu\u00edmica estan treballant els sistemes i les mescles homog\u00e8nies i heterog\u00e8nies. Sou capa\u00e7os de diferenciar-les en aquestes fant\u00e0stiques fotografies nadalenques?<\/p>\n<p><img loading=\"lazy\" decoding=\"async\" class=\"aligncenter wp-image-3740\" src=\"https:\/\/agora.xtec.cat\/instarragona\/wp-content\/uploads\/usu484\/2022\/12\/IMG_8407.jpg\" alt=\"\" width=\"752\" height=\"889\" srcset=\"https:\/\/agora.xtec.cat\/instarragona\/wp-content\/uploads\/usu484\/2022\/12\/IMG_8407.jpg 1082w, https:\/\/agora.xtec.cat\/instarragona\/wp-content\/uploads\/usu484\/2022\/12\/IMG_8407-254x300.jpg 254w, https:\/\/agora.xtec.cat\/instarragona\/wp-content\/uploads\/usu484\/2022\/12\/IMG_8407-866x1024.jpg 866w, https:\/\/agora.xtec.cat\/instarragona\/wp-content\/uploads\/usu484\/2022\/12\/IMG_8407-768x909.jpg 768w\" sizes=\"auto, (max-width: 752px) 100vw, 752px\" \/><\/p>\n<p>&nbsp;<\/p>\n<p><img loading=\"lazy\" decoding=\"async\" class=\"aligncenter wp-image-3741\" src=\"https:\/\/agora.xtec.cat\/instarragona\/wp-content\/uploads\/usu484\/2022\/12\/IMG_8408.jpg\" alt=\"\" width=\"754\" height=\"605\" srcset=\"https:\/\/agora.xtec.cat\/instarragona\/wp-content\/uploads\/usu484\/2022\/12\/IMG_8408.jpg 1280w, https:\/\/agora.xtec.cat\/instarragona\/wp-content\/uploads\/usu484\/2022\/12\/IMG_8408-300x240.jpg 300w, https:\/\/agora.xtec.cat\/instarragona\/wp-content\/uploads\/usu484\/2022\/12\/IMG_8408-1024x821.jpg 1024w, https:\/\/agora.xtec.cat\/instarragona\/wp-content\/uploads\/usu484\/2022\/12\/IMG_8408-768x616.jpg 768w\" sizes=\"auto, (max-width: 754px) 100vw, 754px\" \/><\/p>\n<p>&nbsp;<\/p>\n<p>&nbsp;<\/p>\n<p>&nbsp;<\/p>\n","protected":false},"excerpt":{"rendered":"<p>Barregem, remenem i creem!<br \/>\nEls alumnes de 2n ESO a F\u00edsica i Qu\u00edmica estan treballant els sistemes i les mescles homog\u00e8nies i heterog\u00e8nies. Sou capa\u00e7os de diferenciar-les en aquestes fant\u00e0stiques fotografies nadalenques?<\/p>\n<p>&nbsp;<\/p>\n<p>&nbsp;<br \/>\n&nbsp;<br \/>\n&nbsp;<\/p>\n","protected":false},"author":1,"featured_media":3742,"comment_status":"open","ping_status":"closed","sticky":false,"template":"","format":"standard","meta":{"_bbp_topic_count":0,"_bbp_reply_count":0,"_bbp_total_topic_count":0,"_bbp_total_reply_count":0,"_bbp_voice_count":0,"_bbp_anonymous_reply_count":0,"_bbp_topic_count_hidden":0,"_bbp_reply_count_hidden":0,"_bbp_forum_subforum_count":0,"footnotes":""},"categories":[5,1,29],"tags":[116],"class_list":["post-3739","post","type-post","status-publish","format-standard","has-post-thumbnail","hentry","category-eso-2","category-general","category-portada","tag-ciencies"],"post_mailing_queue_ids":[],"_links":{"self":[{"href":"https:\/\/agora.xtec.cat\/instarragona\/wp-json\/wp\/v2\/posts\/3739","targetHints":{"allow":["GET"]}}],"collection":[{"href":"https:\/\/agora.xtec.cat\/instarragona\/wp-json\/wp\/v2\/posts"}],"about":[{"href":"https:\/\/agora.xtec.cat\/instarragona\/wp-json\/wp\/v2\/types\/post"}],"author":[{"embeddable":true,"href":"https:\/\/agora.xtec.cat\/instarragona\/wp-json\/wp\/v2\/users\/1"}],"replies":[{"embeddable":true,"href":"https:\/\/agora.xtec.cat\/instarragona\/wp-json\/wp\/v2\/comments?post=3739"}],"version-history":[{"count":3,"href":"https:\/\/agora.xtec.cat\/instarragona\/wp-json\/wp\/v2\/posts\/3739\/revisions"}],"predecessor-version":[{"id":3745,"href":"https:\/\/agora.xtec.cat\/instarragona\/wp-json\/wp\/v2\/posts\/3739\/revisions\/3745"}],"wp:featuredmedia":[{"embeddable":true,"href":"https:\/\/agora.xtec.cat\/instarragona\/wp-json\/wp\/v2\/media\/3742"}],"wp:attachment":[{"href":"https:\/\/agora.xtec.cat\/instarragona\/wp-json\/wp\/v2\/media?parent=3739"}],"wp:term":[{"taxonomy":"category","embeddable":true,"href":"https:\/\/agora.xtec.cat\/instarragona\/wp-json\/wp\/v2\/categories?post=3739"},{"taxonomy":"post_tag","embeddable":true,"href":"https:\/\/agora.xtec.cat\/instarragona\/wp-json\/wp\/v2\/tags?post=3739"}],"curies":[{"name":"wp","href":"https:\/\/api.w.org\/{rel}","templated":true}]}}