{"id":3692,"date":"2022-12-13T11:55:43","date_gmt":"2022-12-13T10:55:43","guid":{"rendered":"https:\/\/agora.xtec.cat\/instarragona\/?p=3692"},"modified":"2022-12-13T11:56:00","modified_gmt":"2022-12-13T10:56:00","slug":"gustavus-tarragonicus","status":"publish","type":"post","link":"https:\/\/agora.xtec.cat\/instarragona\/eso\/eso-4\/gustavus-tarragonicus\/","title":{"rendered":"Gustavus tarragonicus"},"content":{"rendered":"<p>Els alumnes de Biologia de 4t d\u2019ESO han fet una activitat de gen\u00e8tica i her\u00e8ncia. Han &#8220;constru\u00eft&#8221; una nova esp\u00e8cie: <strong><span style=\"color: #008000;\"><em>Gustavus tarragonicus<\/em><\/span><\/strong>. Cada grup, d\u2019acord amb les informacions del seu genotip, han pogut desxifrar el fenotip dels seus <em>Gustavus<\/em><\/p>\n<p>Cada Gustavo t\u00e9 un genotip propi amb el que cada grup d\u00b4alumnes ha pogut saber el fenotip. Dos Gustavos han arribat a l\u00b4edat f\u00e8rtil i han tingut 2 Gustavitos, el genotip i fenotip dels quals \u00e9s una combinaci\u00f3 entre els 2 parentals. Ho heu ent\u00e8s? \ud83e\udd14<\/p>\n<table style=\"border-collapse: collapse; width: 100%;\">\n<tbody>\n<tr>\n<td style=\"width: 33.3333%;\"><img loading=\"lazy\" decoding=\"async\" class=\"aligncenter wp-image-3694\" src=\"https:\/\/agora.xtec.cat\/instarragona\/wp-content\/uploads\/usu484\/2022\/12\/IMG-20221202-WA0005.jpg\" alt=\"\" width=\"439\" height=\"586\" srcset=\"https:\/\/agora.xtec.cat\/instarragona\/wp-content\/uploads\/usu484\/2022\/12\/IMG-20221202-WA0005.jpg 768w, https:\/\/agora.xtec.cat\/instarragona\/wp-content\/uploads\/usu484\/2022\/12\/IMG-20221202-WA0005-225x300.jpg 225w\" sizes=\"auto, (max-width: 439px) 100vw, 439px\" \/><\/td>\n<td style=\"width: 33.3333%;\"><img loading=\"lazy\" decoding=\"async\" class=\"aligncenter wp-image-3696\" src=\"https:\/\/agora.xtec.cat\/instarragona\/wp-content\/uploads\/usu484\/2022\/12\/IMG-20221202-WA0008.jpg\" alt=\"\" width=\"465\" height=\"620\" srcset=\"https:\/\/agora.xtec.cat\/instarragona\/wp-content\/uploads\/usu484\/2022\/12\/IMG-20221202-WA0008.jpg 768w, https:\/\/agora.xtec.cat\/instarragona\/wp-content\/uploads\/usu484\/2022\/12\/IMG-20221202-WA0008-225x300.jpg 225w\" sizes=\"auto, (max-width: 465px) 100vw, 465px\" \/><\/td>\n<td style=\"width: 33.3333%;\"><img loading=\"lazy\" decoding=\"async\" class=\"aligncenter size-full wp-image-3695\" src=\"https:\/\/agora.xtec.cat\/instarragona\/wp-content\/uploads\/usu484\/2022\/12\/IMG-20221202-WA0007.jpg\" alt=\"\" width=\"768\" height=\"1024\" srcset=\"https:\/\/agora.xtec.cat\/instarragona\/wp-content\/uploads\/usu484\/2022\/12\/IMG-20221202-WA0007.jpg 768w, https:\/\/agora.xtec.cat\/instarragona\/wp-content\/uploads\/usu484\/2022\/12\/IMG-20221202-WA0007-225x300.jpg 225w\" sizes=\"auto, (max-width: 768px) 100vw, 768px\" \/><\/td>\n<\/tr>\n<\/tbody>\n<\/table>\n<p>&nbsp;<\/p>\n<p>&nbsp;<\/p>\n","protected":false},"excerpt":{"rendered":"<p>Els alumnes de Biologia de 4t d\u2019ESO han fet una activitat de gen\u00e8tica i her\u00e8ncia. Han &#8220;constru\u00eft&#8221; una nova esp\u00e8cie: Gustavus tarragonicus. Cada grup, d\u2019acord amb les informacions del seu genotip, han pogut desxifrar el fenotip dels seus Gustavus<br \/>\nCada Gustavo t\u00e9 un genotip propi amb&hellip;  <a href=\"https:\/\/agora.xtec.cat\/instarragona\/eso\/eso-4\/gustavus-tarragonicus\/\" title=\"Read Gustavus tarragonicus\">Llegeix m\u00e9s\u00bb<\/a><\/p>\n","protected":false},"author":1,"featured_media":3693,"comment_status":"open","ping_status":"closed","sticky":false,"template":"","format":"standard","meta":{"_bbp_topic_count":0,"_bbp_reply_count":0,"_bbp_total_topic_count":0,"_bbp_total_reply_count":0,"_bbp_voice_count":0,"_bbp_anonymous_reply_count":0,"_bbp_topic_count_hidden":0,"_bbp_reply_count_hidden":0,"_bbp_forum_subforum_count":0,"footnotes":""},"categories":[7,29],"tags":[116],"class_list":["post-3692","post","type-post","status-publish","format-standard","has-post-thumbnail","hentry","category-eso-4","category-portada","tag-ciencies"],"post_mailing_queue_ids":[],"_links":{"self":[{"href":"https:\/\/agora.xtec.cat\/instarragona\/wp-json\/wp\/v2\/posts\/3692","targetHints":{"allow":["GET"]}}],"collection":[{"href":"https:\/\/agora.xtec.cat\/instarragona\/wp-json\/wp\/v2\/posts"}],"about":[{"href":"https:\/\/agora.xtec.cat\/instarragona\/wp-json\/wp\/v2\/types\/post"}],"author":[{"embeddable":true,"href":"https:\/\/agora.xtec.cat\/instarragona\/wp-json\/wp\/v2\/users\/1"}],"replies":[{"embeddable":true,"href":"https:\/\/agora.xtec.cat\/instarragona\/wp-json\/wp\/v2\/comments?post=3692"}],"version-history":[{"count":1,"href":"https:\/\/agora.xtec.cat\/instarragona\/wp-json\/wp\/v2\/posts\/3692\/revisions"}],"predecessor-version":[{"id":3697,"href":"https:\/\/agora.xtec.cat\/instarragona\/wp-json\/wp\/v2\/posts\/3692\/revisions\/3697"}],"wp:featuredmedia":[{"embeddable":true,"href":"https:\/\/agora.xtec.cat\/instarragona\/wp-json\/wp\/v2\/media\/3693"}],"wp:attachment":[{"href":"https:\/\/agora.xtec.cat\/instarragona\/wp-json\/wp\/v2\/media?parent=3692"}],"wp:term":[{"taxonomy":"category","embeddable":true,"href":"https:\/\/agora.xtec.cat\/instarragona\/wp-json\/wp\/v2\/categories?post=3692"},{"taxonomy":"post_tag","embeddable":true,"href":"https:\/\/agora.xtec.cat\/instarragona\/wp-json\/wp\/v2\/tags?post=3692"}],"curies":[{"name":"wp","href":"https:\/\/api.w.org\/{rel}","templated":true}]}}