{"id":3681,"date":"2022-12-02T10:30:28","date_gmt":"2022-12-02T09:30:28","guid":{"rendered":"https:\/\/agora.xtec.cat\/instarragona\/?p=3681"},"modified":"2022-12-02T10:31:47","modified_gmt":"2022-12-02T09:31:47","slug":"com-celebren-el-nadal-a-polonia","status":"publish","type":"post","link":"https:\/\/agora.xtec.cat\/instarragona\/general\/com-celebren-el-nadal-a-polonia\/","title":{"rendered":"Com celebren el Nadal a Pol\u00f2nia?"},"content":{"rendered":"<div>\n<p>Aquest setmana els alumnes de 1r d&#8217;ESO que participen al programa Global Scholars han participat en una videoconfer\u00e8ncia amb alumnes de la Primary school number 103, de Vars\u00f2via (Pol\u00f2nia). Han presentat les respectives ciutats fent servir unes presentacions que havien preparat a classe, i han explicat com es celebra el Nadal a Tarragona i a Vars\u00f2via. Despr\u00e9s han passat al torn de preguntes on s&#8217;han entrevistat els uns als altres sobre les tradicions, les seves prefer\u00e8ncies a l&#8217;escola, els esports que practiquen, etc.<\/p>\n<p><img loading=\"lazy\" decoding=\"async\" class=\"aligncenter size-full wp-image-3685\" src=\"https:\/\/agora.xtec.cat\/instarragona\/wp-content\/uploads\/usu484\/2022\/12\/glo.png\" alt=\"\" width=\"266\" height=\"189\" \/><\/p>\n<p>Han descobert una cultura molt interessant i una perspectiva diferent de la nostra. Tot plegat, molt enriquidor i molt divertit, fixeu-vos que ja hem quedat per fer una altra trobada durant el segon trimestre. Ni\u017c ty i do zobaczenia wkr\u00f3tce!<\/p>\n<\/div>\n<div class=\"gs\">\n<div class=\"\">\n<div id=\":r5\" class=\"ii gt\">\n<div id=\":ol\" class=\"a3s aiL \">\n<div dir=\"ltr\">\n<p><img loading=\"lazy\" decoding=\"async\" class=\"aligncenter size-full wp-image-3682\" src=\"https:\/\/agora.xtec.cat\/instarragona\/wp-content\/uploads\/usu484\/2022\/12\/20221128_115837.jpg\" alt=\"\" width=\"1209\" height=\"850\" srcset=\"https:\/\/agora.xtec.cat\/instarragona\/wp-content\/uploads\/usu484\/2022\/12\/20221128_115837.jpg 1209w, https:\/\/agora.xtec.cat\/instarragona\/wp-content\/uploads\/usu484\/2022\/12\/20221128_115837-300x211.jpg 300w, https:\/\/agora.xtec.cat\/instarragona\/wp-content\/uploads\/usu484\/2022\/12\/20221128_115837-1024x720.jpg 1024w, https:\/\/agora.xtec.cat\/instarragona\/wp-content\/uploads\/usu484\/2022\/12\/20221128_115837-768x540.jpg 768w\" sizes=\"auto, (max-width: 1209px) 100vw, 1209px\" \/><\/p>\n<p class=\"adL\">\n<\/div>\n<div class=\"adL\"><img loading=\"lazy\" decoding=\"async\" class=\"aligncenter size-full wp-image-3683\" src=\"https:\/\/agora.xtec.cat\/instarragona\/wp-content\/uploads\/usu484\/2022\/12\/20221128_115552.jpg\" alt=\"\" width=\"1223\" height=\"884\" srcset=\"https:\/\/agora.xtec.cat\/instarragona\/wp-content\/uploads\/usu484\/2022\/12\/20221128_115552.jpg 1223w, https:\/\/agora.xtec.cat\/instarragona\/wp-content\/uploads\/usu484\/2022\/12\/20221128_115552-300x217.jpg 300w, https:\/\/agora.xtec.cat\/instarragona\/wp-content\/uploads\/usu484\/2022\/12\/20221128_115552-1024x740.jpg 1024w, https:\/\/agora.xtec.cat\/instarragona\/wp-content\/uploads\/usu484\/2022\/12\/20221128_115552-768x555.jpg 768w\" sizes=\"auto, (max-width: 1223px) 100vw, 1223px\" \/><\/div>\n<\/div>\n<\/div>\n<div id=\":rm\" class=\"hq gt\"><\/div>\n<\/div>\n<\/div>\n","protected":false},"excerpt":{"rendered":"<p>Aquest setmana els alumnes de 1r d&#8217;ESO que participen al programa Global Scholars han participat en una videoconfer\u00e8ncia amb alumnes de la Primary school number 103, de Vars\u00f2via (Pol\u00f2nia). Han presentat les respectives ciutats fent servir unes presentacions que havien preparat a classe, i han&hellip;  <a href=\"https:\/\/agora.xtec.cat\/instarragona\/general\/com-celebren-el-nadal-a-polonia\/\" title=\"Read Com celebren el Nadal a Pol\u00f2nia?\">Llegeix m\u00e9s\u00bb<\/a><\/p>\n","protected":false},"author":1,"featured_media":3682,"comment_status":"open","ping_status":"closed","sticky":false,"template":"","format":"standard","meta":{"_bbp_topic_count":0,"_bbp_reply_count":0,"_bbp_total_topic_count":0,"_bbp_total_reply_count":0,"_bbp_voice_count":0,"_bbp_anonymous_reply_count":0,"_bbp_topic_count_hidden":0,"_bbp_reply_count_hidden":0,"_bbp_forum_subforum_count":0,"footnotes":""},"categories":[4,1,29,100],"tags":[141,99],"class_list":["post-3681","post","type-post","status-publish","format-standard","has-post-thumbnail","hentry","category-eso-1","category-general","category-portada","category-projectes","tag-global-scholars","tag-projectes"],"post_mailing_queue_ids":[],"_links":{"self":[{"href":"https:\/\/agora.xtec.cat\/instarragona\/wp-json\/wp\/v2\/posts\/3681","targetHints":{"allow":["GET"]}}],"collection":[{"href":"https:\/\/agora.xtec.cat\/instarragona\/wp-json\/wp\/v2\/posts"}],"about":[{"href":"https:\/\/agora.xtec.cat\/instarragona\/wp-json\/wp\/v2\/types\/post"}],"author":[{"embeddable":true,"href":"https:\/\/agora.xtec.cat\/instarragona\/wp-json\/wp\/v2\/users\/1"}],"replies":[{"embeddable":true,"href":"https:\/\/agora.xtec.cat\/instarragona\/wp-json\/wp\/v2\/comments?post=3681"}],"version-history":[{"count":2,"href":"https:\/\/agora.xtec.cat\/instarragona\/wp-json\/wp\/v2\/posts\/3681\/revisions"}],"predecessor-version":[{"id":3686,"href":"https:\/\/agora.xtec.cat\/instarragona\/wp-json\/wp\/v2\/posts\/3681\/revisions\/3686"}],"wp:featuredmedia":[{"embeddable":true,"href":"https:\/\/agora.xtec.cat\/instarragona\/wp-json\/wp\/v2\/media\/3682"}],"wp:attachment":[{"href":"https:\/\/agora.xtec.cat\/instarragona\/wp-json\/wp\/v2\/media?parent=3681"}],"wp:term":[{"taxonomy":"category","embeddable":true,"href":"https:\/\/agora.xtec.cat\/instarragona\/wp-json\/wp\/v2\/categories?post=3681"},{"taxonomy":"post_tag","embeddable":true,"href":"https:\/\/agora.xtec.cat\/instarragona\/wp-json\/wp\/v2\/tags?post=3681"}],"curies":[{"name":"wp","href":"https:\/\/api.w.org\/{rel}","templated":true}]}}